{"id":297237,"date":"2026-04-09T09:29:58","date_gmt":"2026-04-09T12:29:58","guid":{"rendered":"https:\/\/portalpopmais.com.br\/?p=297237"},"modified":"2026-04-09T09:30:01","modified_gmt":"2026-04-09T12:30:01","slug":"quem-e-camila-busnello","status":"publish","type":"post","link":"https:\/\/portalpopmais.com.br\/en\/quem-e-camila-busnello\/","title":{"rendered":"Saiba quem \u00e9 Camila Busnello, nova apresentadora do &#8220;Domingo Espetacular&#8221;"},"content":{"rendered":"<p>A jornalista Camila Busnello foi anunciada como a nova apresentadora do Domingo Espetacular, assumindo o posto ap\u00f3s a <a href=\"https:\/\/portalpopmais.com.br\/en\/record-demite-carolina-ferraz-e-anuncia-nova-fase-no-domingo-espetacular\/\" data-type=\"post\" data-id=\"297173\">sa\u00edda de Carolina Ferraz<\/a>. A mudan\u00e7a foi confirmada pela Record nesta quarta-feira (8).<\/p>\n\n\n\n<p>Carolina Ferraz deixa a atra\u00e7\u00e3o ap\u00f3s cerca de seis anos no comando. Em comunicado oficial, a emissora destacou a trajet\u00f3ria da apresentadora, ressaltando sua compet\u00eancia e contribui\u00e7\u00e3o com entrevistas e reportagens de grande repercuss\u00e3o. A Record afirmou ainda que encerra esse ciclo com gratid\u00e3o e mant\u00e9m portas abertas para futuras parcerias.<\/p>\n\n\n\n<h3 class=\"wp-block-heading\">Trajet\u00f3ria consolidada no jornalismo<\/h3>\n\n\n\n<p>Com mais de 20 anos de carreira, Camila Busnello iniciou sua trajet\u00f3ria na r\u00e1dio Jovem Pan antes de migrar para a televis\u00e3o. Ao longo dos anos, tamb\u00e9m passou pela Band, at\u00e9 se firmar profissionalmente na Record, onde construiu grande parte de sua carreira.<\/p>\n\n\n\n<p>Na emissora, atuou como rep\u00f3rter e correspondente internacional em Nova York, al\u00e9m de participar de telejornais de destaque como o <em>Jornal da Record<\/em>, <em>Fala Brasil<\/em>, Record News e o pr\u00f3prio <em>Domingo Espetacular<\/em>, programa que agora passa a comandar.<\/p>\n\n\n\n<h3 class=\"wp-block-heading\">Nova fase na carreira<\/h3>\n\n\n\n<p>Na nova fun\u00e7\u00e3o, Camila dividir\u00e1 a apresenta\u00e7\u00e3o com Roberto Cabrini, um dos principais nomes do jornalismo da casa. A escolha refor\u00e7a a aposta da emissora em profissionais com experi\u00eancia consolidada e hist\u00f3rico interno.<\/p>\n\n\n\n<h3 class=\"wp-block-heading\">Bastidores chamam aten\u00e7\u00e3o<\/h3>\n\n\n\n<p>Ap\u00f3s o an\u00fancio, tamb\u00e9m repercutiu nos bastidores o relacionamento da jornalista com Ant\u00f4nio Guerreiro, atual vice-presidente de jornalismo da Record. A rela\u00e7\u00e3o, at\u00e9 ent\u00e3o discreta, ganhou maior visibilidade com a nova posi\u00e7\u00e3o de destaque de Camila na emissora.<\/p>","protected":false},"excerpt":{"rendered":"<p>Jornalista assume vaga ap\u00f3s sa\u00edda de Carolina Ferraz.<\/p>","protected":false},"author":2,"featured_media":297238,"comment_status":"closed","ping_status":"closed","sticky":false,"template":"","format":"standard","meta":{"footnotes":""},"categories":[181],"tags":[21102,11932,882],"class_list":["post-297237","post","type-post","status-publish","format-standard","has-post-thumbnail","hentry","category-televisao","tag-camila-busnello","tag-domingo-espetacular","tag-record"],"_links":{"self":[{"href":"https:\/\/portalpopmais.com.br\/en\/wp-json\/wp\/v2\/posts\/297237","targetHints":{"allow":["GET"]}}],"collection":[{"href":"https:\/\/portalpopmais.com.br\/en\/wp-json\/wp\/v2\/posts"}],"about":[{"href":"https:\/\/portalpopmais.com.br\/en\/wp-json\/wp\/v2\/types\/post"}],"author":[{"embeddable":true,"href":"https:\/\/portalpopmais.com.br\/en\/wp-json\/wp\/v2\/users\/2"}],"replies":[{"embeddable":true,"href":"https:\/\/portalpopmais.com.br\/en\/wp-json\/wp\/v2\/comments?post=297237"}],"version-history":[{"count":1,"href":"https:\/\/portalpopmais.com.br\/en\/wp-json\/wp\/v2\/posts\/297237\/revisions"}],"predecessor-version":[{"id":297239,"href":"https:\/\/portalpopmais.com.br\/en\/wp-json\/wp\/v2\/posts\/297237\/revisions\/297239"}],"wp:featuredmedia":[{"embeddable":true,"href":"https:\/\/portalpopmais.com.br\/en\/wp-json\/wp\/v2\/media\/297238"}],"wp:attachment":[{"href":"https:\/\/portalpopmais.com.br\/en\/wp-json\/wp\/v2\/media?parent=297237"}],"wp:term":[{"taxonomy":"category","embeddable":true,"href":"https:\/\/portalpopmais.com.br\/en\/wp-json\/wp\/v2\/categories?post=297237"},{"taxonomy":"post_tag","embeddable":true,"href":"https:\/\/portalpopmais.com.br\/en\/wp-json\/wp\/v2\/tags?post=297237"}],"curies":[{"name":"wp","href":"https:\/\/api.w.org\/{rel}","templated":true}]}}