{"id":297287,"date":"2026-04-09T14:39:50","date_gmt":"2026-04-09T17:39:50","guid":{"rendered":"https:\/\/portalpopmais.com.br\/?p=297287"},"modified":"2026-04-09T14:39:53","modified_gmt":"2026-04-09T17:39:53","slug":"ex-marido-de-ivete-sangalo-detalha-termino-e-cita-fato-da-cantora-ser-mais-velha","status":"publish","type":"post","link":"https:\/\/portalpopmais.com.br\/en\/ex-marido-de-ivete-sangalo-detalha-termino-e-cita-fato-da-cantora-ser-mais-velha\/","title":{"rendered":"Ex-marido de Ivete Sangalo detalha t\u00e9rmino e cita fato da cantora ser mais velha"},"content":{"rendered":"<p>O nutricionista <strong><a href=\"https:\/\/portalpopmais.com.br\/en\/trends\/daniel-cady\/\" data-type=\"post_tag\" data-id=\"8479\">Daniel Cady<\/a><\/strong> comentou publicamente, pela primeira vez, sobre o fim de seu casamento com a cantora Ivete Sangalo. A separa\u00e7\u00e3o foi anunciada em novembro de 2025, ap\u00f3s 18 anos de relacionamento.<\/p>\n\n\n\n<p>Em entrevista ao podcast <em>Fala Papah<\/em>, Cady afirmou que encara a nova fase com maturidade e destacou mudan\u00e7as pessoais vividas nos \u00faltimos anos, especialmente ap\u00f3s completar 40 anos. \u201cA vida come\u00e7a aos 40\u201d, disse, ao refletir sobre o momento atual. Segundo ele, a pandemia foi um ponto de virada que trouxe mais clareza sobre seus objetivos e prop\u00f3sito de vida.<\/p>\n\n\n<div class=\"wp-block-image\">\n<figure class=\"aligncenter size-large\"><img loading=\"lazy\" decoding=\"async\" width=\"1170\" height=\"694\" src=\"https:\/\/portalpopmais.com.br\/wp-content\/uploads\/2021\/04\/ivete-sangalo-e-seu-marido-1170x694.jpg\" alt=\"Ivete Sangalo e o marido Daniel Cady - Imagem: Reprodu\u00e7\u00e3o\" class=\"wp-image-80649\" title=\"\" srcset=\"https:\/\/portalpopmais.com.br\/wp-content\/uploads\/2021\/04\/ivete-sangalo-e-seu-marido-1170x694.jpg 1170w, https:\/\/portalpopmais.com.br\/wp-content\/uploads\/2021\/04\/ivete-sangalo-e-seu-marido-768x456.jpg 768w\" sizes=\"auto, (max-width: 1170px) 100vw, 1170px\" \/><figcaption class=\"wp-element-caption\">Ivete Sangalo e  Daniel Cady &#8211; Imagem: Reprodu\u00e7\u00e3o<\/figcaption><\/figure>\n<\/div>\n\n\n<p>Durante a conversa, o nutricionista tamb\u00e9m ressaltou o aprendizado adquirido ao longo do casamento, mencionando a experi\u00eancia ao lado de Ivete como fundamental para seu crescimento pessoal. Ele destacou que a diferen\u00e7a de idade entre os dois contribuiu para esse processo de amadurecimento.<\/p>\n\n\n\n<p>\u201cFoi uma rela\u00e7\u00e3o com uma pessoa maravilhosa, que me ensinou muito. A paternidade tamb\u00e9m foi essencial. Meu maior projeto sempre foi ter uma fam\u00edlia, e eu tive\u201d, afirmou.<\/p>\n\n\n\n<p>Cady ainda revelou estar focado em novos projetos, especialmente ligados \u00e0 sustentabilidade e ao meio ambiente, al\u00e9m de manter uma rotina ativa com pr\u00e1ticas esportivas e maior equil\u00edbrio emocional.<\/p>\n\n\n\n<p>O ex-casal tem tr\u00eas filhos: Marcelo, de 16 anos, e as g\u00eameas Marina e Helena, de 7. Apesar da separa\u00e7\u00e3o, os dois mant\u00eam uma rela\u00e7\u00e3o amig\u00e1vel.<\/p>\n\n\n\n<p>Desde o t\u00e9rmino, Daniel Cady n\u00e3o assumiu novos relacionamentos publicamente. J\u00e1 Ivete Sangalo tem sido vista em algumas ocasi\u00f5es ao lado de um empres\u00e1rio do setor musical, embora n\u00e3o tenha confirmado um novo romance.<\/p>","protected":false},"excerpt":{"rendered":"<p>Nutricionista diz que rela\u00e7\u00e3o trouxe aprendizados e destaca nova fase aos 40 anos.<\/p>","protected":false},"author":2,"featured_media":297288,"comment_status":"closed","ping_status":"closed","sticky":false,"template":"","format":"standard","meta":{"footnotes":""},"categories":[173],"tags":[8479,788],"class_list":["post-297287","post","type-post","status-publish","format-standard","has-post-thumbnail","hentry","category-celebridades","tag-daniel-cady","tag-ivete-sangalo"],"_links":{"self":[{"href":"https:\/\/portalpopmais.com.br\/en\/wp-json\/wp\/v2\/posts\/297287","targetHints":{"allow":["GET"]}}],"collection":[{"href":"https:\/\/portalpopmais.com.br\/en\/wp-json\/wp\/v2\/posts"}],"about":[{"href":"https:\/\/portalpopmais.com.br\/en\/wp-json\/wp\/v2\/types\/post"}],"author":[{"embeddable":true,"href":"https:\/\/portalpopmais.com.br\/en\/wp-json\/wp\/v2\/users\/2"}],"replies":[{"embeddable":true,"href":"https:\/\/portalpopmais.com.br\/en\/wp-json\/wp\/v2\/comments?post=297287"}],"version-history":[{"count":1,"href":"https:\/\/portalpopmais.com.br\/en\/wp-json\/wp\/v2\/posts\/297287\/revisions"}],"predecessor-version":[{"id":297289,"href":"https:\/\/portalpopmais.com.br\/en\/wp-json\/wp\/v2\/posts\/297287\/revisions\/297289"}],"wp:featuredmedia":[{"embeddable":true,"href":"https:\/\/portalpopmais.com.br\/en\/wp-json\/wp\/v2\/media\/297288"}],"wp:attachment":[{"href":"https:\/\/portalpopmais.com.br\/en\/wp-json\/wp\/v2\/media?parent=297287"}],"wp:term":[{"taxonomy":"category","embeddable":true,"href":"https:\/\/portalpopmais.com.br\/en\/wp-json\/wp\/v2\/categories?post=297287"},{"taxonomy":"post_tag","embeddable":true,"href":"https:\/\/portalpopmais.com.br\/en\/wp-json\/wp\/v2\/tags?post=297287"}],"curies":[{"name":"wp","href":"https:\/\/api.w.org\/{rel}","templated":true}]}}