{"id":29823,"date":"2019-07-24T16:20:38","date_gmt":"2019-07-24T19:20:38","guid":{"rendered":"http:\/\/popmais.com.br\/?p=29823"},"modified":"2019-07-24T16:20:38","modified_gmt":"2019-07-24T19:20:38","slug":"juliana-paes-sobre-bolsonaro-vou-apoiar","status":"publish","type":"post","link":"https:\/\/portalpopmais.com.br\/en\/juliana-paes-sobre-bolsonaro-vou-apoiar\/","title":{"rendered":"Juliana Paes sobre Bolsonaro: &#8216;Vou apoiar\u2019"},"content":{"rendered":"<p>Em entrevista ao jornal <a href=\"https:\/\/oglobo.globo.com\/ela\/gente\/juliana-paes-fala-sobre-dona-do-pedaco-governo-jair-bolsonaro-nao-vou-boicotar-23816239\" target=\"_blank\" rel=\"noopener\"><strong>O Globo<\/strong><\/a>, <strong>Juliana Paes<\/strong>, comentou acerca do cen\u00e1rio pol\u00edtico atual do Brasil. Ela, que j\u00e1 manifestou publicamente ser favor\u00e1vel \u00e0 reforma da Previd\u00eancia, disse que n\u00e3o v\u00ea sentido em boicotar o governo de Jair Bolsonaro (PSL).<\/p>\n<p><em>\u201cTor\u00e7o para que o pa\u00eds d\u00ea certo, independentemente de quem esteja em Bras\u00edlia. N\u00e3o bato palma para tudo que o presidente Jair Bolsonaro diz, mas vamos apoiar j\u00e1 que ele est\u00e1 l\u00e1. N\u00e3o vou boicotar. Essa polariza\u00e7\u00e3o \u00e9 boba. Entre o branco e o preto, h\u00e1 infinitos tons de cinza, muitos pensamentos e pondera\u00e7\u00f5es. Sou a favor do di\u00e1logo\u201d<\/em>, afirmou a atriz.<\/p>\n<div class=\"body-news\">\n<p>Durante as elei\u00e7\u00f5es, Juliana Paes foi alvo de coment\u00e1rios e cr\u00edticas por se recusar a participar do movimento <em>\u201cEle N\u00e3o\u201d<\/em>, de oposi\u00e7\u00e3o a Bolsonaro, e que contou com a participa\u00e7\u00e3o de diversos nomes do casting da TV Globo: <em>\u201cN\u00e3o sou obrigada a compartilhar uma hashtag s\u00f3 porque geral postou. N\u00e3o considero \u00e9tico pegar meus 19 milh\u00f5es de seguidores no Instagram para opinar sobre um tema que n\u00e3o domino. Prefiro me abster. Achar que as pessoas precisam saber o que voc\u00ea pensa \u00e9 o ego falando mais alto\u201d<\/em>, concluiu ela.<\/p>\n<p>&nbsp;<\/p>\n<\/div>\n<p>&nbsp;<\/p>","protected":false},"excerpt":{"rendered":"<p>Em entrevista ao jornal O Globo, Juliana Paes, comentou acerca do cen\u00e1rio pol\u00edtico atual do Brasil. Ela, que j\u00e1 manifestou publicamente ser favor\u00e1vel \u00e0 reforma da Previd\u00eancia, disse que n\u00e3o v\u00ea sentido em boicotar o governo de Jair Bolsonaro (PSL). \u201cTor\u00e7o para que o pa\u00eds d\u00ea certo, independentemente de quem esteja em Bras\u00edlia. N\u00e3o bato [&hellip;]<\/p>\n","protected":false},"author":2,"featured_media":29825,"comment_status":"closed","ping_status":"open","sticky":false,"template":"","format":"standard","meta":{"footnotes":""},"categories":[173],"tags":[6094],"class_list":["post-29823","post","type-post","status-publish","format-standard","has-post-thumbnail","hentry","category-celebridades","tag-juliana-paes"],"_links":{"self":[{"href":"https:\/\/portalpopmais.com.br\/en\/wp-json\/wp\/v2\/posts\/29823","targetHints":{"allow":["GET"]}}],"collection":[{"href":"https:\/\/portalpopmais.com.br\/en\/wp-json\/wp\/v2\/posts"}],"about":[{"href":"https:\/\/portalpopmais.com.br\/en\/wp-json\/wp\/v2\/types\/post"}],"author":[{"embeddable":true,"href":"https:\/\/portalpopmais.com.br\/en\/wp-json\/wp\/v2\/users\/2"}],"replies":[{"embeddable":true,"href":"https:\/\/portalpopmais.com.br\/en\/wp-json\/wp\/v2\/comments?post=29823"}],"version-history":[{"count":0,"href":"https:\/\/portalpopmais.com.br\/en\/wp-json\/wp\/v2\/posts\/29823\/revisions"}],"wp:featuredmedia":[{"embeddable":true,"href":"https:\/\/portalpopmais.com.br\/en\/wp-json\/"}],"wp:attachment":[{"href":"https:\/\/portalpopmais.com.br\/en\/wp-json\/wp\/v2\/media?parent=29823"}],"wp:term":[{"taxonomy":"category","embeddable":true,"href":"https:\/\/portalpopmais.com.br\/en\/wp-json\/wp\/v2\/categories?post=29823"},{"taxonomy":"post_tag","embeddable":true,"href":"https:\/\/portalpopmais.com.br\/en\/wp-json\/wp\/v2\/tags?post=29823"}],"curies":[{"name":"wp","href":"https:\/\/api.w.org\/{rel}","templated":true}]}}