{"id":298302,"date":"2026-04-21T19:14:13","date_gmt":"2026-04-21T22:14:13","guid":{"rendered":"https:\/\/portalpopmais.com.br\/?p=298302"},"modified":"2026-04-21T19:14:16","modified_gmt":"2026-04-21T22:14:16","slug":"policia-pede-a-prisao-do-fundador-da-agencia-do-bts-entenda-o-caso","status":"publish","type":"post","link":"https:\/\/portalpopmais.com.br\/en\/policia-pede-a-prisao-do-fundador-da-agencia-do-bts-entenda-o-caso\/","title":{"rendered":"Pol\u00edcia pede a pris\u00e3o do fundador da ag\u00eancia do BTS; entenda o caso"},"content":{"rendered":"<p>O empres\u00e1rio Bang Si-hyuk, presidente da HYBE \u2014 respons\u00e1vel pelo fen\u00f4meno global BTS \u2014 passou a ser alvo de um pedido de mandado de pris\u00e3o na Coreia do Sul. A medida est\u00e1 relacionada a investiga\u00e7\u00f5es sobre poss\u00edveis irregularidades durante o processo de abertura de capital (IPO) da companhia.<\/p>\n\n\n\n<p>De acordo com a Ag\u00eancia de Pol\u00edcia Metropolitana de Seul, Bang \u00e9 investigado por suposta viola\u00e7\u00e3o das leis do mercado financeiro. As autoridades acreditam que ele teria induzido investidores iniciais a vender suas participa\u00e7\u00f5es antes do IPO, direcionando essas a\u00e7\u00f5es para um fundo de private equity ligado a pessoas pr\u00f3ximas.<\/p>\n\n\n\n<p>Informa\u00e7\u00f5es divulgadas pela Reuters apontam que, ap\u00f3s a abertura de capital da HYBE, esse fundo vendeu sua participa\u00e7\u00e3o com lucro significativo. Parte desse ganho \u2014 cerca de 30% \u2014 teria sido repassada a Bang por meio de um acordo pr\u00e9vio entre acionistas. O valor estimado gira em torno de 190 bilh\u00f5es de won (aproximadamente R$ 730 milh\u00f5es), montante que os investigadores consideram potencialmente obtido de forma il\u00edcita.<\/p>\n\n\n\n<p>Em resposta, a defesa do empres\u00e1rio negou qualquer irregularidade. Em nota, afirmou que lamenta o pedido de pris\u00e3o, destacando que Bang tem cooperado integralmente com as autoridades ao longo de toda a investiga\u00e7\u00e3o. Os advogados tamb\u00e9m refor\u00e7aram que continuar\u00e3o colaborando com os procedimentos legais para esclarecer os fatos.<\/p>\n\n\n\n<h3 class=\"wp-block-heading\">Pedido de viagem aos Estados Unidos<\/h3>\n\n\n\n<p>Paralelamente ao caso, surgiu um novo elemento envolvendo a situa\u00e7\u00e3o de Bang. A Embaixada dos Estados Unidos em Seul teria solicitado \u00e0s autoridades locais autoriza\u00e7\u00e3o para que o executivo viajasse ao pa\u00eds, apesar da proibi\u00e7\u00e3o de sa\u00edda vigente desde agosto do ano passado.<\/p>\n\n\n\n<p>Segundo a pol\u00edcia, o pedido mencionava a inten\u00e7\u00e3o de Bang de participar de um evento relacionado ao Dia da Independ\u00eancia dos Estados Unidos, al\u00e9m de compromissos ligados \u00e0 organiza\u00e7\u00e3o de uma turn\u00ea mundial do BTS.<\/p>\n\n\n\n<h3 class=\"wp-block-heading\">Pr\u00f3ximos passos<\/h3>\n\n\n\n<p>O pedido de pris\u00e3o agora ser\u00e1 analisado pelo Minist\u00e9rio P\u00fablico do Distrito Sul de Seul. Caso os promotores decidam avan\u00e7ar, o tribunal dever\u00e1 realizar uma audi\u00eancia em at\u00e9 dois ou tr\u00eas dias para determinar se Bang Si-hyuk ser\u00e1 detido preventivamente, conforme pr\u00e1tica comum no sistema judicial sul-coreano.<\/p>\n\n\n\n<p>O caso segue em andamento e pode ter impactos relevantes tanto no setor financeiro quanto na ind\u00fastria do entretenimento global.<\/p>\n\n\n\n<p><\/p>","protected":false},"excerpt":{"rendered":"<p>O empres\u00e1rio Bang Si-hyuk, presidente da HYBE \u2014 respons\u00e1vel pelo fen\u00f4meno global BTS \u2014 passou a ser alvo de um pedido de mandado de pris\u00e3o na Coreia do Sul. A medida est\u00e1 relacionada a investiga\u00e7\u00f5es sobre poss\u00edveis irregularidades durante o processo de abertura de capital (IPO) da companhia. De acordo com a Ag\u00eancia de Pol\u00edcia [&hellip;]<\/p>\n","protected":false},"author":2,"featured_media":283209,"comment_status":"closed","ping_status":"closed","sticky":false,"template":"","format":"standard","meta":{"footnotes":""},"categories":[154],"tags":[242,18550],"class_list":["post-298302","post","type-post","status-publish","format-standard","has-post-thumbnail","hentry","category-musica","tag-bts","tag-destaque"],"_links":{"self":[{"href":"https:\/\/portalpopmais.com.br\/en\/wp-json\/wp\/v2\/posts\/298302","targetHints":{"allow":["GET"]}}],"collection":[{"href":"https:\/\/portalpopmais.com.br\/en\/wp-json\/wp\/v2\/posts"}],"about":[{"href":"https:\/\/portalpopmais.com.br\/en\/wp-json\/wp\/v2\/types\/post"}],"author":[{"embeddable":true,"href":"https:\/\/portalpopmais.com.br\/en\/wp-json\/wp\/v2\/users\/2"}],"replies":[{"embeddable":true,"href":"https:\/\/portalpopmais.com.br\/en\/wp-json\/wp\/v2\/comments?post=298302"}],"version-history":[{"count":1,"href":"https:\/\/portalpopmais.com.br\/en\/wp-json\/wp\/v2\/posts\/298302\/revisions"}],"predecessor-version":[{"id":298303,"href":"https:\/\/portalpopmais.com.br\/en\/wp-json\/wp\/v2\/posts\/298302\/revisions\/298303"}],"wp:featuredmedia":[{"embeddable":true,"href":"https:\/\/portalpopmais.com.br\/en\/wp-json\/wp\/v2\/media\/283209"}],"wp:attachment":[{"href":"https:\/\/portalpopmais.com.br\/en\/wp-json\/wp\/v2\/media?parent=298302"}],"wp:term":[{"taxonomy":"category","embeddable":true,"href":"https:\/\/portalpopmais.com.br\/en\/wp-json\/wp\/v2\/categories?post=298302"},{"taxonomy":"post_tag","embeddable":true,"href":"https:\/\/portalpopmais.com.br\/en\/wp-json\/wp\/v2\/tags?post=298302"}],"curies":[{"name":"wp","href":"https:\/\/api.w.org\/{rel}","templated":true}]}}