{"id":298565,"date":"2026-04-26T11:00:00","date_gmt":"2026-04-26T14:00:00","guid":{"rendered":"https:\/\/portalpopmais.com.br\/?p=298565"},"modified":"2026-04-26T09:16:03","modified_gmt":"2026-04-26T12:16:03","slug":"investigacao-sobre-acidente-que-vitimou-diogo-jota-e-irmao-e-concluida","status":"publish","type":"post","link":"https:\/\/portalpopmais.com.br\/en\/investigacao-sobre-acidente-que-vitimou-diogo-jota-e-irmao-e-concluida\/","title":{"rendered":"Investiga\u00e7\u00e3o sobre acidente que vitimou Diogo Jota e irm\u00e3o \u00e9 conclu\u00edda"},"content":{"rendered":"<p>A investiga\u00e7\u00e3o sobre o acidente que matou o atacante Diogo Jota e seu irm\u00e3o, Andr\u00e9 Silva, foi oficialmente conclu\u00edda pelas autoridades espanholas. A decis\u00e3o da Justi\u00e7a aponta que n\u00e3o h\u00e1 responsabilidade criminal pelo ocorrido.<\/p>\n\n\n\n<p>O acidente aconteceu em 3 de julho de 2025, na prov\u00edncia de Zamora, quando Jota, de 28 anos, dirigia um Lamborghini com o irm\u00e3o, de 25, como passageiro.<\/p>\n\n\n\n<p>Segundo informa\u00e7\u00f5es publicadas pelo The Athletic, o laudo pericial concluiu que um pneu do ve\u00edculo estourou durante uma ultrapassagem. Com isso, o jogador perdeu o controle da dire\u00e7\u00e3o, colidiu contra a barreira de prote\u00e7\u00e3o da rodovia A-52 e o carro acabou pegando fogo.<\/p>\n\n\n\n<p>O arquivamento do caso foi confirmado por fontes do Tribunal Superior de Justi\u00e7a de Castilla y Le\u00f3n. Em comunicado, um porta-voz informou que o Juizado de Primeira Inst\u00e2ncia de Puebla de Sanabria decidiu encerrar o processo ap\u00f3s analisar provas documentais e relat\u00f3rios t\u00e9cnicos elaborados pela Guarda Civil.<\/p>\n\n\n\n<p>Apesar do encerramento na esfera criminal, as autoridades destacaram que familiares ou outras partes envolvidas ainda podem recorrer \u00e0 Justi\u00e7a civil para buscar eventuais repara\u00e7\u00f5es.<\/p>\n\n\n\n<p>Diogo Jota teve passagem de destaque pelo Liverpool FC e pela sele\u00e7\u00e3o de Portugal. Ele seguia para a Inglaterra para o in\u00edcio da pr\u00e9-temporada no momento do acidente. J\u00e1 Andr\u00e9 Silva tamb\u00e9m atuava como jogador profissional e defendia o FC Penafiel.<\/p>","protected":false},"excerpt":{"rendered":"<p>A investiga\u00e7\u00e3o sobre o acidente que matou o atacante Diogo Jota e seu irm\u00e3o, Andr\u00e9 Silva, foi oficialmente conclu\u00edda pelas autoridades espanholas. A decis\u00e3o da Justi\u00e7a aponta que n\u00e3o h\u00e1 responsabilidade criminal pelo ocorrido. O acidente aconteceu em 3 de julho de 2025, na prov\u00edncia de Zamora, quando Jota, de 28 anos, dirigia um Lamborghini [&hellip;]<\/p>\n","protected":false},"author":2,"featured_media":235118,"comment_status":"closed","ping_status":"closed","sticky":false,"template":"","format":"standard","meta":{"footnotes":""},"categories":[18685],"tags":[18550,17981],"class_list":["post-298565","post","type-post","status-publish","format-standard","has-post-thumbnail","hentry","category-esporte","tag-destaque","tag-diogo-jota"],"_links":{"self":[{"href":"https:\/\/portalpopmais.com.br\/en\/wp-json\/wp\/v2\/posts\/298565","targetHints":{"allow":["GET"]}}],"collection":[{"href":"https:\/\/portalpopmais.com.br\/en\/wp-json\/wp\/v2\/posts"}],"about":[{"href":"https:\/\/portalpopmais.com.br\/en\/wp-json\/wp\/v2\/types\/post"}],"author":[{"embeddable":true,"href":"https:\/\/portalpopmais.com.br\/en\/wp-json\/wp\/v2\/users\/2"}],"replies":[{"embeddable":true,"href":"https:\/\/portalpopmais.com.br\/en\/wp-json\/wp\/v2\/comments?post=298565"}],"version-history":[{"count":1,"href":"https:\/\/portalpopmais.com.br\/en\/wp-json\/wp\/v2\/posts\/298565\/revisions"}],"predecessor-version":[{"id":298566,"href":"https:\/\/portalpopmais.com.br\/en\/wp-json\/wp\/v2\/posts\/298565\/revisions\/298566"}],"wp:featuredmedia":[{"embeddable":true,"href":"https:\/\/portalpopmais.com.br\/en\/wp-json\/wp\/v2\/media\/235118"}],"wp:attachment":[{"href":"https:\/\/portalpopmais.com.br\/en\/wp-json\/wp\/v2\/media?parent=298565"}],"wp:term":[{"taxonomy":"category","embeddable":true,"href":"https:\/\/portalpopmais.com.br\/en\/wp-json\/wp\/v2\/categories?post=298565"},{"taxonomy":"post_tag","embeddable":true,"href":"https:\/\/portalpopmais.com.br\/en\/wp-json\/wp\/v2\/tags?post=298565"}],"curies":[{"name":"wp","href":"https:\/\/api.w.org\/{rel}","templated":true}]}}