{"id":298622,"date":"2026-04-27T11:05:10","date_gmt":"2026-04-27T14:05:10","guid":{"rendered":"https:\/\/portalpopmais.com.br\/?p=298622"},"modified":"2026-04-27T11:05:12","modified_gmt":"2026-04-27T14:05:12","slug":"filha-de-maira-cardi-e-internada-nos-eua-e-influencer-pede-oracoes","status":"publish","type":"post","link":"https:\/\/portalpopmais.com.br\/en\/filha-de-maira-cardi-e-internada-nos-eua-e-influencer-pede-oracoes\/","title":{"rendered":"Filha de Ma\u00edra Cardi \u00e9 internada nos EUA e influencer pede ora\u00e7\u00f5es"},"content":{"rendered":"<p>A influenciadora Ma\u00edra Cardi voltou a falar sobre o estado de sa\u00fade da filha ca\u00e7ula, Eloah, que est\u00e1 internada nos Estados Unidos com bronquiolite. A beb\u00ea, de apenas seis meses, \u00e9 fruto de seu relacionamento com Thiago Nigro.<\/p>\n\n\n\n<p>Em publica\u00e7\u00e3o feita nesta segunda-feira (27) em seu perfil no Instagram, Ma\u00edra desabafou sobre a rotina intensa durante o per\u00edodo de interna\u00e7\u00e3o. \u201cAs madrugadas s\u00e3o sempre intensas, mas tenho certeza de que as ora\u00e7\u00f5es de voc\u00eas mudam tudo\u201d, escreveu, ao compartilhar uma imagem do pezinho da filha com acesso hospitalar.<\/p>\n\n\n\n<p>O pedido por ora\u00e7\u00f5es havia sido feito no domingo (26), quando a influenciadora revelou o diagn\u00f3stico da beb\u00ea. Segundo Ma\u00edra, recorrer \u00e0 f\u00e9 e ao apoio dos seguidores tem sido uma pr\u00e1tica constante em momentos delicados. Ela afirmou que, em situa\u00e7\u00f5es anteriores envolvendo sua filha mais velha, Sophia, de 7 anos \u2014 fruto do relacionamento com Arthur Aguiar \u2014, as ora\u00e7\u00f5es tamb\u00e9m trouxeram resultados positivos rapidamente.<\/p>\n\n\n\n<p>A bronquiolite \u00e9 uma infec\u00e7\u00e3o respirat\u00f3ria comum em beb\u00eas e exige aten\u00e7\u00e3o, principalmente nos primeiros meses de vida. Enquanto acompanha o tratamento da filha, Ma\u00edra segue compartilhando atualiza\u00e7\u00f5es com seus seguidores e agradecendo pelas mensagens de apoio.<\/p>\n\n\n<div class=\"wp-block-image\">\n<figure class=\"aligncenter size-full\"><img loading=\"lazy\" decoding=\"async\" width=\"1000\" height=\"1756\" src=\"https:\/\/portalpopmais.com.br\/wp-content\/uploads\/2026\/04\/whatsapp-image-2026-04-27-at-09.17.17-1-.jpeg\" alt=\"whatsapp image 2026 04 27 at 09.17.17 1\" class=\"wp-image-298624\" title=\"\" srcset=\"https:\/\/portalpopmais.com.br\/wp-content\/uploads\/2026\/04\/whatsapp-image-2026-04-27-at-09.17.17-1-.jpeg 1000w, https:\/\/portalpopmais.com.br\/wp-content\/uploads\/2026\/04\/whatsapp-image-2026-04-27-at-09.17.17-1--768x1349.jpeg 768w, https:\/\/portalpopmais.com.br\/wp-content\/uploads\/2026\/04\/whatsapp-image-2026-04-27-at-09.17.17-1--875x1536.jpeg 875w, https:\/\/portalpopmais.com.br\/wp-content\/uploads\/2026\/04\/whatsapp-image-2026-04-27-at-09.17.17-1--7x12.jpeg 7w\" sizes=\"auto, (max-width: 1000px) 100vw, 1000px\" \/><figcaption class=\"wp-element-caption\">Reprodu\u00e7\u00e3o<\/figcaption><\/figure>\n<\/div>\n\n<div class=\"wp-block-image\">\n<figure class=\"aligncenter size-full\"><img loading=\"lazy\" decoding=\"async\" width=\"1000\" height=\"1615\" src=\"https:\/\/portalpopmais.com.br\/wp-content\/uploads\/2026\/04\/whatsapp-image-2026-04-26-at-22.37.41.jpeg\" alt=\"whatsapp image 2026 04 26 at 22.37.41\" class=\"wp-image-298625\" title=\"\" srcset=\"https:\/\/portalpopmais.com.br\/wp-content\/uploads\/2026\/04\/whatsapp-image-2026-04-26-at-22.37.41.jpeg 1000w, https:\/\/portalpopmais.com.br\/wp-content\/uploads\/2026\/04\/whatsapp-image-2026-04-26-at-22.37.41-768x1240.jpeg 768w, https:\/\/portalpopmais.com.br\/wp-content\/uploads\/2026\/04\/whatsapp-image-2026-04-26-at-22.37.41-951x1536.jpeg 951w, https:\/\/portalpopmais.com.br\/wp-content\/uploads\/2026\/04\/whatsapp-image-2026-04-26-at-22.37.41-7x12.jpeg 7w\" sizes=\"auto, (max-width: 1000px) 100vw, 1000px\" \/><figcaption class=\"wp-element-caption\">Reprodu\u00e7\u00e3o<\/figcaption><\/figure>\n<\/div>","protected":false},"excerpt":{"rendered":"<p>A influenciadora Ma\u00edra Cardi voltou a falar sobre o estado de sa\u00fade da filha ca\u00e7ula, Eloah, que est\u00e1 internada nos Estados Unidos com bronquiolite. A beb\u00ea, de apenas seis meses, \u00e9 fruto de seu relacionamento com Thiago Nigro. Em publica\u00e7\u00e3o feita nesta segunda-feira (27) em seu perfil no Instagram, Ma\u00edra desabafou sobre a rotina intensa [&hellip;]<\/p>\n","protected":false},"author":2,"featured_media":298623,"comment_status":"closed","ping_status":"closed","sticky":false,"template":"","format":"standard","meta":{"footnotes":""},"categories":[173],"tags":[10434],"class_list":["post-298622","post","type-post","status-publish","format-standard","has-post-thumbnail","hentry","category-celebridades","tag-maira-cardi-2"],"_links":{"self":[{"href":"https:\/\/portalpopmais.com.br\/en\/wp-json\/wp\/v2\/posts\/298622","targetHints":{"allow":["GET"]}}],"collection":[{"href":"https:\/\/portalpopmais.com.br\/en\/wp-json\/wp\/v2\/posts"}],"about":[{"href":"https:\/\/portalpopmais.com.br\/en\/wp-json\/wp\/v2\/types\/post"}],"author":[{"embeddable":true,"href":"https:\/\/portalpopmais.com.br\/en\/wp-json\/wp\/v2\/users\/2"}],"replies":[{"embeddable":true,"href":"https:\/\/portalpopmais.com.br\/en\/wp-json\/wp\/v2\/comments?post=298622"}],"version-history":[{"count":1,"href":"https:\/\/portalpopmais.com.br\/en\/wp-json\/wp\/v2\/posts\/298622\/revisions"}],"predecessor-version":[{"id":298626,"href":"https:\/\/portalpopmais.com.br\/en\/wp-json\/wp\/v2\/posts\/298622\/revisions\/298626"}],"wp:featuredmedia":[{"embeddable":true,"href":"https:\/\/portalpopmais.com.br\/en\/wp-json\/wp\/v2\/media\/298623"}],"wp:attachment":[{"href":"https:\/\/portalpopmais.com.br\/en\/wp-json\/wp\/v2\/media?parent=298622"}],"wp:term":[{"taxonomy":"category","embeddable":true,"href":"https:\/\/portalpopmais.com.br\/en\/wp-json\/wp\/v2\/categories?post=298622"},{"taxonomy":"post_tag","embeddable":true,"href":"https:\/\/portalpopmais.com.br\/en\/wp-json\/wp\/v2\/tags?post=298622"}],"curies":[{"name":"wp","href":"https:\/\/api.w.org\/{rel}","templated":true}]}}