{"id":298627,"date":"2026-04-27T12:00:00","date_gmt":"2026-04-27T15:00:00","guid":{"rendered":"https:\/\/portalpopmais.com.br\/?p=298627"},"modified":"2026-04-27T11:07:20","modified_gmt":"2026-04-27T14:07:20","slug":"ana-hickmann-contesta-divida-milionaria-na-justica-e-denuncia-fraude-em-assinaturas","status":"publish","type":"post","link":"https:\/\/portalpopmais.com.br\/en\/ana-hickmann-contesta-divida-milionaria-na-justica-e-denuncia-fraude-em-assinaturas\/","title":{"rendered":"Ana Hickmann contesta d\u00edvida milion\u00e1ria na Justi\u00e7a e denuncia fraude em assinaturas"},"content":{"rendered":"<p>A apresentadora Ana Hickmann voltou ao centro de uma disputa judicial envolvendo valores milion\u00e1rios. Segundo informa\u00e7\u00f5es reveladas pela colunista F\u00e1bia Oliveira, a artista iniciou uma nova ofensiva na Justi\u00e7a para contestar uma cobran\u00e7a que considera irregular.<\/p>\n\n\n\n<h3 class=\"wp-block-heading\">Cobran\u00e7a ultrapassa R$ 3 milh\u00f5es<\/h3>\n\n\n\n<p>O caso teve in\u00edcio ap\u00f3s a empresa Invista acionar, em 2025, a Justi\u00e7a contra a Hickmann Servi\u00e7os, a pr\u00f3pria Ana Hickmann e seu ex-marido, Alexandre Correa. A financeira cobra uma d\u00edvida que teria sido reconhecida pelo ex-casal em 2023, inicialmente estimada em cerca de R$ 1,8 milh\u00e3o.<\/p>\n\n\n\n<p>Com a atualiza\u00e7\u00e3o de juros e encargos, o valor j\u00e1 teria alcan\u00e7ado aproximadamente R$ 3,1 milh\u00f5es no momento da execu\u00e7\u00e3o judicial.<\/p>\n\n\n\n<h3 class=\"wp-block-heading\">Defesa aponta fraude e nega assinatura<\/h3>\n\n\n\n<p>No dia 10 de abril, Ana Hickmann e sua empresa apresentaram embargos \u00e0 execu\u00e7\u00e3o \u2014 medida judicial que busca suspender ou at\u00e9 anular a cobran\u00e7a.<\/p>\n\n\n\n<p>A apresentadora nega ter assinado o contrato de confiss\u00e3o da d\u00edvida e afirma que os documentos cont\u00eam assinaturas falsificadas. Segundo sua defesa, a suposta fraude estaria ligada a um esquema envolvendo o ex-marido, que tamb\u00e9m \u00e9 alvo da a\u00e7\u00e3o.<\/p>\n\n\n\n<p>Ela sustenta ainda que o caso est\u00e1 sendo investigado pelo Departamento Estadual de Investiga\u00e7\u00f5es Criminais (DEIC), onde j\u00e1 teriam sido identificadas pr\u00e1ticas criminosas e ind\u00edcios de irregularidades.<\/p>\n\n\n\n<h3 class=\"wp-block-heading\">Questionamentos sobre valores e benef\u00edcios<\/h3>\n\n\n\n<p>Al\u00e9m da alega\u00e7\u00e3o de falsifica\u00e7\u00e3o, Ana Hickmann questiona o valor cobrado. De acordo com sua defesa, podem ter sido inclu\u00eddos encargos abusivos, sem a devida transpar\u00eancia na composi\u00e7\u00e3o da d\u00edvida.<\/p>\n\n\n\n<p>Outro ponto levantado \u00e9 que nem ela nem sua empresa teriam se beneficiado das opera\u00e7\u00f5es financeiras. Assim, caso a d\u00edvida seja considerada leg\u00edtima, a responsabilidade deveria recair exclusivamente sobre Alexandre Correa, apontado como o \u00fanico benefici\u00e1rio.<\/p>\n\n\n\n<h3 class=\"wp-block-heading\">Pedido de per\u00edcia e suspens\u00e3o da cobran\u00e7a<\/h3>\n\n\n\n<p>Com os embargos, a apresentadora solicita que a cobran\u00e7a seja suspensa at\u00e9 que o caso seja analisado pelo Tribunal de Justi\u00e7a de S\u00e3o Paulo. A defesa tamb\u00e9m pede a realiza\u00e7\u00e3o de per\u00edcia digital para verificar a autenticidade das assinaturas nos documentos.<\/p>\n\n\n\n<p>Este n\u00e3o \u00e9 um epis\u00f3dio isolado. Em outras a\u00e7\u00f5es semelhantes ap\u00f3s o div\u00f3rcio, Ana Hickmann j\u00e1 conseguiu decis\u00f5es favor\u00e1veis com base em laudos periciais que apontaram fraude em assinaturas atribu\u00eddas a ela.<\/p>","protected":false},"excerpt":{"rendered":"<p>A apresentadora Ana Hickmann voltou ao centro de uma disputa judicial envolvendo valores milion\u00e1rios. Segundo informa\u00e7\u00f5es reveladas pela colunista F\u00e1bia Oliveira, a artista iniciou uma nova ofensiva na Justi\u00e7a para contestar uma cobran\u00e7a que considera irregular. Cobran\u00e7a ultrapassa R$ 3 milh\u00f5es O caso teve in\u00edcio ap\u00f3s a empresa Invista acionar, em 2025, a Justi\u00e7a contra [&hellip;]<\/p>\n","protected":false},"author":2,"featured_media":150893,"comment_status":"closed","ping_status":"closed","sticky":false,"template":"","format":"standard","meta":{"footnotes":""},"categories":[173],"tags":[15910,18550],"class_list":["post-298627","post","type-post","status-publish","format-standard","has-post-thumbnail","hentry","category-celebridades","tag-ana-hickamann","tag-destaque"],"_links":{"self":[{"href":"https:\/\/portalpopmais.com.br\/en\/wp-json\/wp\/v2\/posts\/298627","targetHints":{"allow":["GET"]}}],"collection":[{"href":"https:\/\/portalpopmais.com.br\/en\/wp-json\/wp\/v2\/posts"}],"about":[{"href":"https:\/\/portalpopmais.com.br\/en\/wp-json\/wp\/v2\/types\/post"}],"author":[{"embeddable":true,"href":"https:\/\/portalpopmais.com.br\/en\/wp-json\/wp\/v2\/users\/2"}],"replies":[{"embeddable":true,"href":"https:\/\/portalpopmais.com.br\/en\/wp-json\/wp\/v2\/comments?post=298627"}],"version-history":[{"count":1,"href":"https:\/\/portalpopmais.com.br\/en\/wp-json\/wp\/v2\/posts\/298627\/revisions"}],"predecessor-version":[{"id":298628,"href":"https:\/\/portalpopmais.com.br\/en\/wp-json\/wp\/v2\/posts\/298627\/revisions\/298628"}],"wp:featuredmedia":[{"embeddable":true,"href":"https:\/\/portalpopmais.com.br\/en\/wp-json\/wp\/v2\/media\/150893"}],"wp:attachment":[{"href":"https:\/\/portalpopmais.com.br\/en\/wp-json\/wp\/v2\/media?parent=298627"}],"wp:term":[{"taxonomy":"category","embeddable":true,"href":"https:\/\/portalpopmais.com.br\/en\/wp-json\/wp\/v2\/categories?post=298627"},{"taxonomy":"post_tag","embeddable":true,"href":"https:\/\/portalpopmais.com.br\/en\/wp-json\/wp\/v2\/tags?post=298627"}],"curies":[{"name":"wp","href":"https:\/\/api.w.org\/{rel}","templated":true}]}}