{"id":298629,"date":"2026-04-27T11:21:00","date_gmt":"2026-04-27T14:21:00","guid":{"rendered":"https:\/\/portalpopmais.com.br\/?p=298629"},"modified":"2026-04-27T11:21:03","modified_gmt":"2026-04-27T14:21:03","slug":"anderson-neiff-desabafa-apos-ataque-a-tiros-em-sao-paulo-parecia-um-murro","status":"publish","type":"post","link":"https:\/\/portalpopmais.com.br\/en\/anderson-neiff-desabafa-apos-ataque-a-tiros-em-sao-paulo-parecia-um-murro\/","title":{"rendered":"Anderson Neiff desabafa ap\u00f3s ataque a tiros em S\u00e3o Paulo: \u201cParecia um murro\u201d"},"content":{"rendered":"<p>Horas ap\u00f3s ser atingido por um disparo nas costas, na altura do ombro, durante um atentado em S\u00e3o Paulo, o cantor Anderson Neiff falou publicamente sobre o momento de tens\u00e3o e o impacto do tiro que sofreu. Em entrevista ao programa Fant\u00e1stico, o artista descreveu a sensa\u00e7\u00e3o como extremamente forte e inesperada.<\/p>\n\n\n\n<p>Segundo Neiff, o impacto da bala foi imediato e intenso. \u201cParecia um murro, parecia um saco de cimento nas minhas costas. A\u00ed eu ca\u00ed pra frente\u201d, contou, relembrando o instante em que foi atingido.<\/p>\n\n\n\n<h3 class=\"wp-block-heading\">Persegui\u00e7\u00e3o antes do ataque<\/h3>\n\n\n\n<p>Durante a entrevista, o cantor tamb\u00e9m detalhou que a a\u00e7\u00e3o criminosa foi precedida por uma persegui\u00e7\u00e3o. De acordo com ele, integrantes de sua equipe perceberam a presen\u00e7a de motocicletas circulando nas proximidades do local do show enquanto ele ainda atendia f\u00e3s.<\/p>\n\n\n\n<p>Os suspeitos, que estavam em duas motos, passaram a seguir a van da equipe por aproximadamente 11 quil\u00f4metros. A situa\u00e7\u00e3o se agravou quando os ocupantes come\u00e7aram a efetuar disparos contra o ve\u00edculo.<\/p>\n\n\n\n<p>\u201cQuando eles come\u00e7aram a alvejar a van, deram o primeiro tiro atr\u00e1s. Depois come\u00e7aram a disparar muito. No terceiro, eu me assustei. Foi o que bateu em mim\u201d, relatou o cantor.<\/p>\n\n\n\n<h3 class=\"wp-block-heading\">Recupera\u00e7\u00e3o ap\u00f3s cirurgia<\/h3>\n\n\n\n<p>Apesar do susto, Anderson Neiff informou que seu estado de sa\u00fade \u00e9 est\u00e1vel. Ele passou por uma cirurgia ap\u00f3s o ocorrido e segue em recupera\u00e7\u00e3o.<\/p>\n\n\n\n<p>\u201cEstou bem, gra\u00e7as a Deus. Fiz a cirurgia, foi um sucesso, e agora estou repousando\u201d, afirmou.<\/p>\n\n\n\n<p>O caso segue sob investiga\u00e7\u00e3o, e at\u00e9 o momento n\u00e3o h\u00e1 detalhes oficiais sobre a motiva\u00e7\u00e3o do ataque ou a identifica\u00e7\u00e3o dos respons\u00e1veis.<\/p>","protected":false},"excerpt":{"rendered":"<p>Horas ap\u00f3s ser atingido por um disparo nas costas, na altura do ombro, durante um atentado em S\u00e3o Paulo, o cantor Anderson Neiff falou publicamente sobre o momento de tens\u00e3o e o impacto do tiro que sofreu. Em entrevista ao programa Fant\u00e1stico, o artista descreveu a sensa\u00e7\u00e3o como extremamente forte e inesperada. Segundo Neiff, o [&hellip;]<\/p>\n","protected":false},"author":2,"featured_media":219403,"comment_status":"closed","ping_status":"closed","sticky":false,"template":"","format":"standard","meta":{"footnotes":""},"categories":[173],"tags":[4592,18550],"class_list":["post-298629","post","type-post","status-publish","format-standard","has-post-thumbnail","hentry","category-celebridades","tag-anderson-neiff","tag-destaque"],"_links":{"self":[{"href":"https:\/\/portalpopmais.com.br\/en\/wp-json\/wp\/v2\/posts\/298629","targetHints":{"allow":["GET"]}}],"collection":[{"href":"https:\/\/portalpopmais.com.br\/en\/wp-json\/wp\/v2\/posts"}],"about":[{"href":"https:\/\/portalpopmais.com.br\/en\/wp-json\/wp\/v2\/types\/post"}],"author":[{"embeddable":true,"href":"https:\/\/portalpopmais.com.br\/en\/wp-json\/wp\/v2\/users\/2"}],"replies":[{"embeddable":true,"href":"https:\/\/portalpopmais.com.br\/en\/wp-json\/wp\/v2\/comments?post=298629"}],"version-history":[{"count":1,"href":"https:\/\/portalpopmais.com.br\/en\/wp-json\/wp\/v2\/posts\/298629\/revisions"}],"predecessor-version":[{"id":298630,"href":"https:\/\/portalpopmais.com.br\/en\/wp-json\/wp\/v2\/posts\/298629\/revisions\/298630"}],"wp:featuredmedia":[{"embeddable":true,"href":"https:\/\/portalpopmais.com.br\/en\/wp-json\/wp\/v2\/media\/219403"}],"wp:attachment":[{"href":"https:\/\/portalpopmais.com.br\/en\/wp-json\/wp\/v2\/media?parent=298629"}],"wp:term":[{"taxonomy":"category","embeddable":true,"href":"https:\/\/portalpopmais.com.br\/en\/wp-json\/wp\/v2\/categories?post=298629"},{"taxonomy":"post_tag","embeddable":true,"href":"https:\/\/portalpopmais.com.br\/en\/wp-json\/wp\/v2\/tags?post=298629"}],"curies":[{"name":"wp","href":"https:\/\/api.w.org\/{rel}","templated":true}]}}