{"id":298637,"date":"2026-04-27T20:14:23","date_gmt":"2026-04-27T23:14:23","guid":{"rendered":"https:\/\/portalpopmais.com.br\/?p=298637"},"modified":"2026-04-27T20:14:27","modified_gmt":"2026-04-27T23:14:27","slug":"comentarista-da-record-richard-rytenband-morre-aos-45-anos","status":"publish","type":"post","link":"https:\/\/portalpopmais.com.br\/en\/comentarista-da-record-richard-rytenband-morre-aos-45-anos\/","title":{"rendered":"Comentarista da RECORD, Richard Rytenband morre aos 45 anos"},"content":{"rendered":"<p>O economista e comentarista <strong>Richard Rytenband<\/strong> morreu neste domingo (26), aos 45 anos, ap\u00f3s enfrentar uma longa batalha contra o c\u00e2ncer. Ele estava em tratamento havia cerca de tr\u00eas anos. A informa\u00e7\u00e3o foi confirmada pela fam\u00edlia por meio das redes sociais.<\/p>\n\n\n\n<p>Com uma carreira s\u00f3lida no mercado financeiro, Rytenband iniciou sua trajet\u00f3ria ainda em 1994, construindo reputa\u00e7\u00e3o como investidor e analista econ\u00f4mico. Ao longo dos anos, tornou-se uma voz reconhecida na an\u00e1lise de cen\u00e1rios econ\u00f4micos, tanto no Brasil quanto no exterior. Mais recentemente, atuava como comentarista da Record News, onde participava regularmente com an\u00e1lises sobre economia e mercado.<\/p>\n\n\n\n<p>Na vida pessoal, era casado com a empreendedora <strong>Thata Saeter<\/strong>, com quem teve um filho, Antony. Em uma homenagem publicada nas redes sociais, a esposa destacou a for\u00e7a e a dedica\u00e7\u00e3o do economista durante o per\u00edodo de tratamento. \u201cRichard foi um homem gigante, brilhante, e lutou pela vida com muita garra e coragem para passar o m\u00e1ximo de tempo poss\u00edvel comigo e com nosso filho Antony\u201d, escreveu.<\/p>\n\n\n\n<p>O sepultamento ser\u00e1 aberto ao p\u00fablico e est\u00e1 marcado para esta ter\u00e7a-feira (28), ao meio-dia, no Cemit\u00e9rio Israelita do Butant\u00e3, na cidade de S\u00e3o Paulo.<\/p>\n\n\n\n<p><\/p>","protected":false},"excerpt":{"rendered":"<p>O economista e comentarista Richard Rytenband morreu neste domingo (26), aos 45 anos, ap\u00f3s enfrentar uma longa batalha contra o c\u00e2ncer. Ele estava em tratamento havia cerca de tr\u00eas anos. A informa\u00e7\u00e3o foi confirmada pela fam\u00edlia por meio das redes sociais. Com uma carreira s\u00f3lida no mercado financeiro, Rytenband iniciou sua trajet\u00f3ria ainda em 1994, [&hellip;]<\/p>\n","protected":false},"author":2,"featured_media":298638,"comment_status":"closed","ping_status":"closed","sticky":false,"template":"","format":"standard","meta":{"footnotes":""},"categories":[181],"tags":[882,21215],"class_list":["post-298637","post","type-post","status-publish","format-standard","has-post-thumbnail","hentry","category-televisao","tag-record","tag-richard-rytenband"],"_links":{"self":[{"href":"https:\/\/portalpopmais.com.br\/en\/wp-json\/wp\/v2\/posts\/298637","targetHints":{"allow":["GET"]}}],"collection":[{"href":"https:\/\/portalpopmais.com.br\/en\/wp-json\/wp\/v2\/posts"}],"about":[{"href":"https:\/\/portalpopmais.com.br\/en\/wp-json\/wp\/v2\/types\/post"}],"author":[{"embeddable":true,"href":"https:\/\/portalpopmais.com.br\/en\/wp-json\/wp\/v2\/users\/2"}],"replies":[{"embeddable":true,"href":"https:\/\/portalpopmais.com.br\/en\/wp-json\/wp\/v2\/comments?post=298637"}],"version-history":[{"count":1,"href":"https:\/\/portalpopmais.com.br\/en\/wp-json\/wp\/v2\/posts\/298637\/revisions"}],"predecessor-version":[{"id":298639,"href":"https:\/\/portalpopmais.com.br\/en\/wp-json\/wp\/v2\/posts\/298637\/revisions\/298639"}],"wp:featuredmedia":[{"embeddable":true,"href":"https:\/\/portalpopmais.com.br\/en\/wp-json\/wp\/v2\/media\/298638"}],"wp:attachment":[{"href":"https:\/\/portalpopmais.com.br\/en\/wp-json\/wp\/v2\/media?parent=298637"}],"wp:term":[{"taxonomy":"category","embeddable":true,"href":"https:\/\/portalpopmais.com.br\/en\/wp-json\/wp\/v2\/categories?post=298637"},{"taxonomy":"post_tag","embeddable":true,"href":"https:\/\/portalpopmais.com.br\/en\/wp-json\/wp\/v2\/tags?post=298637"}],"curies":[{"name":"wp","href":"https:\/\/api.w.org\/{rel}","templated":true}]}}