{"id":298684,"date":"2026-04-28T13:35:43","date_gmt":"2026-04-28T16:35:43","guid":{"rendered":"https:\/\/portalpopmais.com.br\/?p=298684"},"modified":"2026-04-28T13:35:45","modified_gmt":"2026-04-28T16:35:45","slug":"apos-postar-video-filho-de-maira-cardi-e-alvo-de-comentarios-gordofobicos-e-homofobicos","status":"publish","type":"post","link":"https:\/\/portalpopmais.com.br\/en\/apos-postar-video-filho-de-maira-cardi-e-alvo-de-comentarios-gordofobicos-e-homofobicos\/","title":{"rendered":"Ap\u00f3s postar v\u00eddeo, filho de Ma\u00edra Cardi \u00e9 alvo de coment\u00e1rios gordof\u00f3bicos e homof\u00f3bicos"},"content":{"rendered":"<p>O influenciador Lucas Cardi Rangel, filho da empres\u00e1ria <strong><a href=\"https:\/\/portalpopmais.com.br\/en\/trends\/maira-cardi\/\" data-type=\"post_tag\" data-id=\"10355\">Ma\u00edra Cardi<\/a><\/strong>, foi alvo de coment\u00e1rios ofensivos nas redes sociais ap\u00f3s a publica\u00e7\u00e3o de um v\u00eddeo pessoal.<\/p>\n\n\n\n<p>No registro, Lucas aparece sem camisa enquanto elogia um p\u00e3o preparado por sua companheira, a atriz Thuani Todeschini. O conte\u00fado, inicialmente compartilhado de forma informal, passou a circular em diferentes perfis e gerou repercuss\u00e3o.<\/p>\n\n\n\n<p>Parte das rea\u00e7\u00f5es incluiu cr\u00edticas \u00e0 apar\u00eancia f\u00edsica do influenciador e coment\u00e1rios com teor homof\u00f3bico, al\u00e9m de especula\u00e7\u00f5es sobre sua vida pessoal. As manifesta\u00e7\u00f5es negativas chamaram a aten\u00e7\u00e3o de internautas e reacenderam discuss\u00f5es sobre limites nas intera\u00e7\u00f5es online.<\/p>\n\n\n\n<p>Especialistas costumam classificar esse tipo de comportamento como cyberbullying, caracterizado por ataques repetitivos em ambientes digitais. Entre poss\u00edveis impactos est\u00e3o preju\u00edzos \u00e0 sa\u00fade mental, como ansiedade, queda de autoestima e isolamento social.<\/p>\n\n\n\n<p>Embora pr\u00e1ticas discriminat\u00f3rias, como homofobia, sejam consideradas crime no Brasil, e plataformas digitais possuam pol\u00edticas contra discurso de \u00f3dio, epis\u00f3dios do tipo ainda s\u00e3o recorrentes. O caso tamb\u00e9m levanta debate sobre responsabilidade dos usu\u00e1rios e o papel das redes sociais na modera\u00e7\u00e3o de conte\u00fado.<\/p>\n\n\n\n<p>Situa\u00e7\u00f5es semelhantes envolvendo figuras p\u00fablicas frequentemente ganham visibilidade, mas refletem uma realidade mais ampla, que tamb\u00e9m atinge usu\u00e1rios an\u00f4nimos. Especialistas apontam que a conscientiza\u00e7\u00e3o e o respeito nas intera\u00e7\u00f5es virtuais s\u00e3o fatores essenciais para reduzir a incid\u00eancia desse tipo de comportamento.<\/p>","protected":false},"excerpt":{"rendered":"<p>Publica\u00e7\u00e3o gerou cr\u00edticas \u00e0 apar\u00eancia e levantou debate sobre cyberbullying e responsabilidade digital.<\/p>","protected":false},"author":2,"featured_media":298685,"comment_status":"closed","ping_status":"closed","sticky":false,"template":"","format":"standard","meta":{"footnotes":""},"categories":[1],"tags":[],"class_list":["post-298684","post","type-post","status-publish","format-standard","has-post-thumbnail","hentry","category-fire2"],"_links":{"self":[{"href":"https:\/\/portalpopmais.com.br\/en\/wp-json\/wp\/v2\/posts\/298684","targetHints":{"allow":["GET"]}}],"collection":[{"href":"https:\/\/portalpopmais.com.br\/en\/wp-json\/wp\/v2\/posts"}],"about":[{"href":"https:\/\/portalpopmais.com.br\/en\/wp-json\/wp\/v2\/types\/post"}],"author":[{"embeddable":true,"href":"https:\/\/portalpopmais.com.br\/en\/wp-json\/wp\/v2\/users\/2"}],"replies":[{"embeddable":true,"href":"https:\/\/portalpopmais.com.br\/en\/wp-json\/wp\/v2\/comments?post=298684"}],"version-history":[{"count":1,"href":"https:\/\/portalpopmais.com.br\/en\/wp-json\/wp\/v2\/posts\/298684\/revisions"}],"predecessor-version":[{"id":298686,"href":"https:\/\/portalpopmais.com.br\/en\/wp-json\/wp\/v2\/posts\/298684\/revisions\/298686"}],"wp:featuredmedia":[{"embeddable":true,"href":"https:\/\/portalpopmais.com.br\/en\/wp-json\/wp\/v2\/media\/298685"}],"wp:attachment":[{"href":"https:\/\/portalpopmais.com.br\/en\/wp-json\/wp\/v2\/media?parent=298684"}],"wp:term":[{"taxonomy":"category","embeddable":true,"href":"https:\/\/portalpopmais.com.br\/en\/wp-json\/wp\/v2\/categories?post=298684"},{"taxonomy":"post_tag","embeddable":true,"href":"https:\/\/portalpopmais.com.br\/en\/wp-json\/wp\/v2\/tags?post=298684"}],"curies":[{"name":"wp","href":"https:\/\/api.w.org\/{rel}","templated":true}]}}