{"id":298700,"date":"2026-04-28T16:00:13","date_gmt":"2026-04-28T19:00:13","guid":{"rendered":"https:\/\/portalpopmais.com.br\/?p=298700"},"modified":"2026-04-28T16:00:18","modified_gmt":"2026-04-28T19:00:18","slug":"viuva-de-erasmo-carlos-perde-imovel-para-filhos-do-cantor","status":"publish","type":"post","link":"https:\/\/portalpopmais.com.br\/en\/viuva-de-erasmo-carlos-perde-imovel-para-filhos-do-cantor\/","title":{"rendered":"Vi\u00fava de Erasmo Carlos perde im\u00f3vel para filhos do cantor"},"content":{"rendered":"<p>A disputa judicial envolvendo a heran\u00e7a do cantor Erasmo Carlos, morto em novembro de 2022, ganhou novos desdobramentos e tem colocado em lados opostos os filhos do artista e a vi\u00fava, Fernanda Esteves.<\/p>\n\n\n\n<p>De um lado, os herdeiros Leonardo Esteves e Gil Esteves reivindicam a gest\u00e3o dos bens do esp\u00f3lio. Do outro, Fernanda questiona decis\u00f5es relacionadas \u00e0 divis\u00e3o patrimonial e ao acesso aos recursos deixados pelo cantor.<\/p>\n\n\n\n<figure class=\"wp-block-image size-large\"><img loading=\"lazy\" decoding=\"async\" width=\"1170\" height=\"675\" src=\"https:\/\/portalpopmais.com.br\/wp-content\/uploads\/2022\/10\/Erasmo-Carlos-1170x675.jpg\" alt=\"Erasmo Carlos\" class=\"wp-image-147172\" title=\"\"><figcaption class=\"wp-element-caption\">Erasmo Carlos &#8211; Foto: Reprodu\u00e7\u00e3o<\/figcaption><\/figure>\n\n\n\n<p>Um dos pontos centrais do conflito envolve um im\u00f3vel de alto padr\u00e3o localizado em S\u00e3o Conrado, onde a vi\u00fava viveu por cerca de oito anos ao lado de Erasmo. A Justi\u00e7a determinou a reintegra\u00e7\u00e3o de posse do apartamento em favor dos herdeiros, o que levou Fernanda a deixar o local.<\/p>\n\n\n\n<p>Ap\u00f3s a decis\u00e3o, ela se mudou para a regi\u00e3o da Barra da Tijuca. Segundo relatos divulgados na imprensa, a vi\u00fava afirma enfrentar dificuldades de acesso a recursos do esp\u00f3lio e contesta a condu\u00e7\u00e3o da administra\u00e7\u00e3o dos bens, incluindo direitos autorais e de imagem do artista.<\/p>\n\n\n\n<p>Nas redes sociais, Fernanda compartilhou reflex\u00f5es sobre o momento atual, descrevendo mudan\u00e7as em sua rotina e o impacto emocional ap\u00f3s a sa\u00edda do im\u00f3vel onde vivia com o cantor.<\/p>\n\n\n\n<p>O caso segue em an\u00e1lise na Justi\u00e7a e envolve discuss\u00f5es sobre partilha de bens, responsabilidades financeiras e direitos previstos no regime de casamento. At\u00e9 o momento, n\u00e3o h\u00e1 decis\u00e3o definitiva sobre todos os pontos do processo.<\/p>","protected":false},"excerpt":{"rendered":"<p>Conflito envolve im\u00f3veis, direitos autorais e acesso ao esp\u00f3lio deixado pelo cantor morto em 2022<\/p>","protected":false},"author":2,"featured_media":286130,"comment_status":"closed","ping_status":"closed","sticky":false,"template":"","format":"standard","meta":{"footnotes":""},"categories":[173],"tags":[6118],"class_list":["post-298700","post","type-post","status-publish","format-standard","has-post-thumbnail","hentry","category-celebridades","tag-erasmo-carlos"],"_links":{"self":[{"href":"https:\/\/portalpopmais.com.br\/en\/wp-json\/wp\/v2\/posts\/298700","targetHints":{"allow":["GET"]}}],"collection":[{"href":"https:\/\/portalpopmais.com.br\/en\/wp-json\/wp\/v2\/posts"}],"about":[{"href":"https:\/\/portalpopmais.com.br\/en\/wp-json\/wp\/v2\/types\/post"}],"author":[{"embeddable":true,"href":"https:\/\/portalpopmais.com.br\/en\/wp-json\/wp\/v2\/users\/2"}],"replies":[{"embeddable":true,"href":"https:\/\/portalpopmais.com.br\/en\/wp-json\/wp\/v2\/comments?post=298700"}],"version-history":[{"count":1,"href":"https:\/\/portalpopmais.com.br\/en\/wp-json\/wp\/v2\/posts\/298700\/revisions"}],"predecessor-version":[{"id":298701,"href":"https:\/\/portalpopmais.com.br\/en\/wp-json\/wp\/v2\/posts\/298700\/revisions\/298701"}],"wp:featuredmedia":[{"embeddable":true,"href":"https:\/\/portalpopmais.com.br\/en\/wp-json\/wp\/v2\/media\/286130"}],"wp:attachment":[{"href":"https:\/\/portalpopmais.com.br\/en\/wp-json\/wp\/v2\/media?parent=298700"}],"wp:term":[{"taxonomy":"category","embeddable":true,"href":"https:\/\/portalpopmais.com.br\/en\/wp-json\/wp\/v2\/categories?post=298700"},{"taxonomy":"post_tag","embeddable":true,"href":"https:\/\/portalpopmais.com.br\/en\/wp-json\/wp\/v2\/tags?post=298700"}],"curies":[{"name":"wp","href":"https:\/\/api.w.org\/{rel}","templated":true}]}}