{"id":298737,"date":"2026-04-28T17:53:44","date_gmt":"2026-04-28T20:53:44","guid":{"rendered":"https:\/\/portalpopmais.com.br\/?p=298737"},"modified":"2026-04-28T18:03:33","modified_gmt":"2026-04-28T21:03:33","slug":"ana-paula-renault-esculacha-nikolas-ferreira-gnomo-veja-a-treta","status":"publish","type":"post","link":"https:\/\/portalpopmais.com.br\/en\/ana-paula-renault-esculacha-nikolas-ferreira-gnomo-veja-a-treta\/","title":{"rendered":"Ana Paula Renault esculacha Nikolas Ferreira: &#8220;Gnomo&#8221;; veja a treta"},"content":{"rendered":"<p class=\"wp-block-paragraph\">A jornalista e ex-BBB Ana Paula Renault voltou a comentar um epis\u00f3dio envolvendo o deputado federal Nikolas Ferreira (PL-MG) e acabou reacendendo uma antiga controv\u00e9rsia nas redes sociais.<\/p>\n\n\n\n<p class=\"wp-block-paragraph\">Nesta ter\u00e7a-feira (28), Ana Paula fez uma publica\u00e7\u00e3o no X (antigo Twitter) em tom provocativo e, ao responder seguidores, chamou o parlamentar de \u201cgnomo\u201d. A fala rapidamente repercutiu entre internautas, especialmente ap\u00f3s a recente participa\u00e7\u00e3o da jornalista no BBB 26, que a trouxe novamente aos holofotes.<\/p>\n\n\n\n<p class=\"wp-block-paragraph\">Na postagem inicial, ela escreveu: \u201cOs homens sempre tiveram medo de mulheres que voam: sejam de vassoura, sejam de jatinho\u201d. Um usu\u00e1rio ent\u00e3o relembrou o desentendimento entre ela e o deputado, elogiando sua postura. Em resposta, Ana Paula ironizou: \u201cNota-se que o gnomo est\u00e1 totalmente de p\u00e9. Isso explica muuuuuita coisa\u201d.<\/p>\n\n\n<div class=\"wp-block-image\">\n<figure class=\"aligncenter size-full\"><img loading=\"lazy\" decoding=\"async\" width=\"600\" height=\"120\" src=\"https:\/\/portalpopmais.com.br\/wp-content\/uploads\/2026\/04\/ana-paula-renault-chama-nikolas-ferreira-de-gnomo-scaled-1.webp\" alt=\"ana paula renault chama nikolas ferreira de gnomo scaled\" class=\"wp-image-298744\" title=\"\" srcset=\"https:\/\/portalpopmais.com.br\/wp-content\/uploads\/2026\/04\/ana-paula-renault-chama-nikolas-ferreira-de-gnomo-scaled-1.webp 600w, https:\/\/portalpopmais.com.br\/wp-content\/uploads\/2026\/04\/ana-paula-renault-chama-nikolas-ferreira-de-gnomo-scaled-1-18x4.webp 18w\" sizes=\"auto, (max-width: 600px) 100vw, 600px\" \/><\/figure>\n<\/div>\n\n\n<h3 class=\"wp-block-heading\">Relembre o epis\u00f3dio<\/h3>\n\n\n\n<p class=\"wp-block-paragraph\">A troca de farpas remete a um epis\u00f3dio ocorrido em mar\u00e7o de 2023, quando Ana Paula e Nikolas Ferreira protagonizaram um bate-boca durante um voo. Na ocasi\u00e3o, a jornalista gravou o momento em que percebeu que o deputado estava sentado ao seu lado.<\/p>\n\n\n\n<p class=\"wp-block-paragraph\">Durante a discuss\u00e3o, ela questionou declara\u00e7\u00f5es feitas por Nikolas no plen\u00e1rio da C\u00e2mara, especialmente relacionadas a falas consideradas transf\u00f3bicas. O parlamentar havia gerado forte repercuss\u00e3o ao usar uma peruca loira na tribuna e fazer coment\u00e1rios direcionados a mulheres trans.<\/p>\n\n\n\n<p class=\"wp-block-paragraph\">No v\u00eddeo, Ana Paula confronta o deputado: \u201cEu te indaguei se voc\u00ea vai continuar cometendo crimes no plen\u00e1rio\u201d. Nikolas, por sua vez, rebateu mencionando a expuls\u00e3o da jornalista do Big Brother Brasil 16, quando ela deixou o programa ap\u00f3s um epis\u00f3dio de agress\u00e3o.<\/p>\n\n\n\n<h3 class=\"wp-block-heading\">Repercuss\u00e3o<\/h3>\n\n\n\n<p class=\"wp-block-paragraph\">O novo coment\u00e1rio reacendeu debates nas redes sociais, dividindo opini\u00f5es entre apoiadores e cr\u00edticos de ambos. Enquanto alguns elogiaram a postura direta da jornalista, outros consideraram a fala ofensiva.<\/p>\n\n\n\n<p class=\"wp-block-paragraph\">O epis\u00f3dio mostra como embates antigos continuam reverberando no ambiente digital, especialmente quando envolvem figuras p\u00fablicas com grande alcance e hist\u00f3rico de declara\u00e7\u00f5es pol\u00eamicas.<\/p>","protected":false},"excerpt":{"rendered":"<p>A jornalista e ex-BBB Ana Paula Renault voltou a comentar um epis\u00f3dio envolvendo o deputado federal Nikolas Ferreira (PL-MG) e acabou reacendendo uma antiga controv\u00e9rsia nas redes sociais. Nesta ter\u00e7a-feira (28), Ana Paula fez uma publica\u00e7\u00e3o no X (antigo Twitter) em tom provocativo e, ao responder seguidores, chamou o parlamentar de \u201cgnomo\u201d. A fala rapidamente [&hellip;]<\/p>\n","protected":false},"author":2,"featured_media":298738,"comment_status":"closed","ping_status":"closed","sticky":false,"template":"","format":"standard","meta":{"footnotes":""},"categories":[173],"tags":[2237,12517],"class_list":["post-298737","post","type-post","status-publish","format-standard","has-post-thumbnail","hentry","category-celebridades","tag-ana-paula-renault","tag-nikolas-ferreira"],"_links":{"self":[{"href":"https:\/\/portalpopmais.com.br\/en\/wp-json\/wp\/v2\/posts\/298737","targetHints":{"allow":["GET"]}}],"collection":[{"href":"https:\/\/portalpopmais.com.br\/en\/wp-json\/wp\/v2\/posts"}],"about":[{"href":"https:\/\/portalpopmais.com.br\/en\/wp-json\/wp\/v2\/types\/post"}],"author":[{"embeddable":true,"href":"https:\/\/portalpopmais.com.br\/en\/wp-json\/wp\/v2\/users\/2"}],"replies":[{"embeddable":true,"href":"https:\/\/portalpopmais.com.br\/en\/wp-json\/wp\/v2\/comments?post=298737"}],"version-history":[{"count":2,"href":"https:\/\/portalpopmais.com.br\/en\/wp-json\/wp\/v2\/posts\/298737\/revisions"}],"predecessor-version":[{"id":298745,"href":"https:\/\/portalpopmais.com.br\/en\/wp-json\/wp\/v2\/posts\/298737\/revisions\/298745"}],"wp:featuredmedia":[{"embeddable":true,"href":"https:\/\/portalpopmais.com.br\/en\/wp-json\/wp\/v2\/media\/298738"}],"wp:attachment":[{"href":"https:\/\/portalpopmais.com.br\/en\/wp-json\/wp\/v2\/media?parent=298737"}],"wp:term":[{"taxonomy":"category","embeddable":true,"href":"https:\/\/portalpopmais.com.br\/en\/wp-json\/wp\/v2\/categories?post=298737"},{"taxonomy":"post_tag","embeddable":true,"href":"https:\/\/portalpopmais.com.br\/en\/wp-json\/wp\/v2\/tags?post=298737"}],"curies":[{"name":"wp","href":"https:\/\/api.w.org\/{rel}","templated":true}]}}