{"id":298750,"date":"2026-04-28T18:32:50","date_gmt":"2026-04-28T21:32:50","guid":{"rendered":"https:\/\/portalpopmais.com.br\/?p=298750"},"modified":"2026-04-28T18:32:52","modified_gmt":"2026-04-28T21:32:52","slug":"familia-de-bruce-willis-planeja-doar-cerebro-do-ator-para-impulsionar-pesquisas-sobre-demencia","status":"publish","type":"post","link":"https:\/\/portalpopmais.com.br\/en\/familia-de-bruce-willis-planeja-doar-cerebro-do-ator-para-impulsionar-pesquisas-sobre-demencia\/","title":{"rendered":"Fam\u00edlia de Bruce Willis planeja doar c\u00e9rebro do ator para impulsionar pesquisas sobre dem\u00eancia"},"content":{"rendered":"<p>O astro de Hollywood Bruce Willis, hoje com 71 anos, enfrenta uma batalha delicada contra a dem\u00eancia frontotemporal (DFT), doen\u00e7a neurodegenerativa rara e sem cura. Desde que se afastou das telas em 2022, ap\u00f3s o diagn\u00f3stico inicial de afasia posteriormente evolu\u00eddo para DFT, o ator passou a viver uma rotina mais reservada ao lado da fam\u00edlia.<\/p>\n\n\n\n<p>Diante da progress\u00e3o do quadro, familiares avaliam uma decis\u00e3o que pode deixar um legado significativo para a ci\u00eancia: a doa\u00e7\u00e3o do c\u00e9rebro do ator para estudos ap\u00f3s sua morte. A iniciativa tem como objetivo contribuir para o avan\u00e7o das pesquisas sobre a doen\u00e7a e ajudar especialistas a compreender melhor seus efeitos e poss\u00edveis caminhos de tratamento.<\/p>\n\n\n\n<p>A decis\u00e3o reflete o desejo da fam\u00edlia de transformar a experi\u00eancia dif\u00edcil em algo que beneficie outras pessoas. A an\u00e1lise do tecido cerebral \u00e9 considerada essencial para que pesquisadores consigam identificar com mais precis\u00e3o os mecanismos da doen\u00e7a, algo que ainda representa um grande desafio para a medicina.<\/p>\n\n\n\n<p>A dem\u00eancia frontotemporal afeta principalmente \u00e1reas do c\u00e9rebro ligadas \u00e0 linguagem, comportamento e personalidade, provocando mudan\u00e7as progressivas e profundas. Por conta disso, o diagn\u00f3stico e o acompanhamento cl\u00ednico costumam ser complexos, exigindo suporte constante tanto para o paciente quanto para os familiares.<\/p>\n\n\n\n<p>A poss\u00edvel doa\u00e7\u00e3o refor\u00e7a a import\u00e2ncia da colabora\u00e7\u00e3o entre pacientes, fam\u00edlias e comunidade cient\u00edfica na busca por respostas. Mais do que uma decis\u00e3o pessoal, o gesto simboliza uma contribui\u00e7\u00e3o valiosa para o avan\u00e7o da medicina e uma esperan\u00e7a para o desenvolvimento de tratamentos futuros.<\/p>\n\n\n\n<p><\/p>","protected":false},"excerpt":{"rendered":"<p>O astro de Hollywood Bruce Willis, hoje com 71 anos, enfrenta uma batalha delicada contra a dem\u00eancia frontotemporal (DFT), doen\u00e7a neurodegenerativa rara e sem cura. Desde que se afastou das telas em 2022, ap\u00f3s o diagn\u00f3stico inicial de afasia posteriormente evolu\u00eddo para DFT, o ator passou a viver uma rotina mais reservada ao lado da [&hellip;]<\/p>\n","protected":false},"author":1,"featured_media":238455,"comment_status":"closed","ping_status":"closed","sticky":false,"template":"","format":"standard","meta":{"footnotes":""},"categories":[173],"tags":[],"class_list":["post-298750","post","type-post","status-publish","format-standard","has-post-thumbnail","hentry","category-celebridades"],"_links":{"self":[{"href":"https:\/\/portalpopmais.com.br\/en\/wp-json\/wp\/v2\/posts\/298750","targetHints":{"allow":["GET"]}}],"collection":[{"href":"https:\/\/portalpopmais.com.br\/en\/wp-json\/wp\/v2\/posts"}],"about":[{"href":"https:\/\/portalpopmais.com.br\/en\/wp-json\/wp\/v2\/types\/post"}],"author":[{"embeddable":true,"href":"https:\/\/portalpopmais.com.br\/en\/wp-json\/wp\/v2\/users\/1"}],"replies":[{"embeddable":true,"href":"https:\/\/portalpopmais.com.br\/en\/wp-json\/wp\/v2\/comments?post=298750"}],"version-history":[{"count":1,"href":"https:\/\/portalpopmais.com.br\/en\/wp-json\/wp\/v2\/posts\/298750\/revisions"}],"predecessor-version":[{"id":298751,"href":"https:\/\/portalpopmais.com.br\/en\/wp-json\/wp\/v2\/posts\/298750\/revisions\/298751"}],"wp:featuredmedia":[{"embeddable":true,"href":"https:\/\/portalpopmais.com.br\/en\/wp-json\/wp\/v2\/media\/238455"}],"wp:attachment":[{"href":"https:\/\/portalpopmais.com.br\/en\/wp-json\/wp\/v2\/media?parent=298750"}],"wp:term":[{"taxonomy":"category","embeddable":true,"href":"https:\/\/portalpopmais.com.br\/en\/wp-json\/wp\/v2\/categories?post=298750"},{"taxonomy":"post_tag","embeddable":true,"href":"https:\/\/portalpopmais.com.br\/en\/wp-json\/wp\/v2\/tags?post=298750"}],"curies":[{"name":"wp","href":"https:\/\/api.w.org\/{rel}","templated":true}]}}