{"id":298760,"date":"2026-04-29T07:25:03","date_gmt":"2026-04-29T10:25:03","guid":{"rendered":"https:\/\/portalpopmais.com.br\/?p=298760"},"modified":"2026-04-29T07:29:58","modified_gmt":"2026-04-29T10:29:58","slug":"ex-comentarista-da-jovem-pan-e-condenada-apos-ofender-jornalista-negra","status":"publish","type":"post","link":"https:\/\/portalpopmais.com.br\/en\/ex-comentarista-da-jovem-pan-e-condenada-apos-ofender-jornalista-negra\/","title":{"rendered":"Ex-comentarista da Jovem Pan \u00e9 condenada ap\u00f3s ofender jornalista negra"},"content":{"rendered":"<p>A Justi\u00e7a do Distrito Federal condenou a ex-comentarista Paula Schmitt ao pagamento de R$ 8 mil por danos morais \u00e0 jornalista Bas\u00edlia Rodrigues, ap\u00f3s declara\u00e7\u00f5es consideradas racistas. A decis\u00e3o foi proferida pela ju\u00edza Anne Karinne Tomelin, do 3\u00ba Juizado Especial C\u00edvel de Ceil\u00e2ndia, e ainda cabe recurso.<\/p>\n\n\n\n<p>O epis\u00f3dio ocorreu em novembro de 2023, quando Schmitt integrava o programa \u201cLinha de Frente\u201d, da Jovem Pan. Durante um coment\u00e1rio sobre a indica\u00e7\u00e3o de Fl\u00e1vio Dino ao Supremo Tribunal Federal (STF), a ent\u00e3o comentarista insinuou que Bas\u00edlia Rodrigues teria ingressado na CNN Brasil por meio de cotas raciais.<\/p>\n\n\n\n<p>Na ocasi\u00e3o, a fala gerou repercuss\u00e3o negativa, e a emissora chegou a divulgar uma retrata\u00e7\u00e3o p\u00fablica. Mesmo assim, segundo o processo, Schmitt voltou a abordar o caso em suas redes sociais, reiterando o teor das declara\u00e7\u00f5es, inclusive ap\u00f3s notifica\u00e7\u00e3o extrajudicial.<\/p>\n\n\n\n<p>Em sua defesa, a ex-comentarista afirmou que suas cr\u00edticas tinham como alvo Fl\u00e1vio Dino e negou inten\u00e7\u00e3o racista. Ela tamb\u00e9m alegou conviver com pessoas negras e pardas em seu c\u00edrculo pessoal.<\/p>\n\n\n\n<p>Ao analisar o caso, a magistrada entendeu que houve abuso do direito de express\u00e3o, destacando o car\u00e1ter ofensivo e discriminat\u00f3rio da fala. Na senten\u00e7a, a ju\u00edza afirmou que o conte\u00fado ultrapassou os limites da liberdade de express\u00e3o ao atingir a honra e a imagem da jornalista.<\/p>\n\n\n\n<p>Para fixar o valor da indeniza\u00e7\u00e3o, foram considerados fatores como a gravidade do dano, a condi\u00e7\u00e3o econ\u00f4mica das partes e o car\u00e1ter pedag\u00f3gico da puni\u00e7\u00e3o, com o objetivo de evitar novas condutas semelhantes.<\/p>\n\n\n\n<p>Ap\u00f3s a decis\u00e3o, Bas\u00edlia Rodrigues se manifestou nas redes sociais, afirmando que o caso simboliza a resist\u00eancia de pessoas negras em espa\u00e7os de destaque. J\u00e1 a defesa de Paula Schmitt declarou que ir\u00e1 recorrer, classificando a senten\u00e7a como motivo de \u201cprofunda perplexidade\u201d e defendendo que a decis\u00e3o penaliza o exerc\u00edcio do pensamento cr\u00edtico.<\/p>","protected":false},"excerpt":{"rendered":"<p>Justi\u00e7a reconhece ofensa racista e fixa indeniza\u00e7\u00e3o de R$ 8 mil por danos morais<\/p>","protected":false},"author":2,"featured_media":298761,"comment_status":"closed","ping_status":"closed","sticky":false,"template":"","format":"standard","meta":{"footnotes":""},"categories":[2165],"tags":[21224,2389],"class_list":["post-298760","post","type-post","status-publish","format-standard","has-post-thumbnail","hentry","category-noticias","tag-destaque-4","tag-jovem-pan"],"_links":{"self":[{"href":"https:\/\/portalpopmais.com.br\/en\/wp-json\/wp\/v2\/posts\/298760","targetHints":{"allow":["GET"]}}],"collection":[{"href":"https:\/\/portalpopmais.com.br\/en\/wp-json\/wp\/v2\/posts"}],"about":[{"href":"https:\/\/portalpopmais.com.br\/en\/wp-json\/wp\/v2\/types\/post"}],"author":[{"embeddable":true,"href":"https:\/\/portalpopmais.com.br\/en\/wp-json\/wp\/v2\/users\/2"}],"replies":[{"embeddable":true,"href":"https:\/\/portalpopmais.com.br\/en\/wp-json\/wp\/v2\/comments?post=298760"}],"version-history":[{"count":1,"href":"https:\/\/portalpopmais.com.br\/en\/wp-json\/wp\/v2\/posts\/298760\/revisions"}],"predecessor-version":[{"id":298762,"href":"https:\/\/portalpopmais.com.br\/en\/wp-json\/wp\/v2\/posts\/298760\/revisions\/298762"}],"wp:featuredmedia":[{"embeddable":true,"href":"https:\/\/portalpopmais.com.br\/en\/wp-json\/wp\/v2\/media\/298761"}],"wp:attachment":[{"href":"https:\/\/portalpopmais.com.br\/en\/wp-json\/wp\/v2\/media?parent=298760"}],"wp:term":[{"taxonomy":"category","embeddable":true,"href":"https:\/\/portalpopmais.com.br\/en\/wp-json\/wp\/v2\/categories?post=298760"},{"taxonomy":"post_tag","embeddable":true,"href":"https:\/\/portalpopmais.com.br\/en\/wp-json\/wp\/v2\/tags?post=298760"}],"curies":[{"name":"wp","href":"https:\/\/api.w.org\/{rel}","templated":true}]}}