{"id":298783,"date":"2026-04-29T10:00:00","date_gmt":"2026-04-29T13:00:00","guid":{"rendered":"https:\/\/portalpopmais.com.br\/?p=298783"},"modified":"2026-04-29T08:10:23","modified_gmt":"2026-04-29T11:10:23","slug":"sam-neill-anuncia-remissao-de-cancer-apos-tratamento-experimental","status":"publish","type":"post","link":"https:\/\/portalpopmais.com.br\/en\/sam-neill-anuncia-remissao-de-cancer-apos-tratamento-experimental\/","title":{"rendered":"Sam Neill anuncia remiss\u00e3o de c\u00e2ncer ap\u00f3s tratamento experimental"},"content":{"rendered":"<p>O ator Sam Neill, conhecido por interpretar o Dr. Alan Grant na franquia Jurassic Park, revelou que est\u00e1 livre do c\u00e2ncer ap\u00f3s cerca de cinco anos de tratamento. A declara\u00e7\u00e3o foi feita durante entrevista ao programa australiano 7NEWS.<\/p>\n\n\n\n<p>Aos 78 anos, Neill contou que convivia com um tipo agressivo de linfoma e que, em determinado momento, os tratamentos convencionais deixaram de apresentar resultados. \u201cA quimioterapia era dif\u00edcil, mas estava me mantendo vivo\u201d, relembrou o ator sobre o per\u00edodo inicial da doen\u00e7a.<\/p>\n\n\n<div class=\"wp-block-image\">\n<figure class=\"aligncenter size-full\"><img loading=\"lazy\" decoding=\"async\" width=\"1000\" height=\"1250\" src=\"https:\/\/portalpopmais.com.br\/wp-content\/uploads\/2026\/04\/image-207.png\" alt=\"image\" class=\"wp-image-298786\" title=\"\" srcset=\"https:\/\/portalpopmais.com.br\/wp-content\/uploads\/2026\/04\/image-207.png 1000w, https:\/\/portalpopmais.com.br\/wp-content\/uploads\/2026\/04\/image-207-768x960.png 768w, https:\/\/portalpopmais.com.br\/wp-content\/uploads\/2026\/04\/image-207-10x12.png 10w\" sizes=\"auto, (max-width: 1000px) 100vw, 1000px\" \/><figcaption class=\"wp-element-caption\">O ator Sam Neill \u2014 Foto: Reprodu\u00e7\u00e3o\/Instagram<\/figcaption><\/figure>\n<\/div>\n\n\n<p>Com a progress\u00e3o do quadro, ele passou a considerar que n\u00e3o havia mais alternativas eficazes. Foi ent\u00e3o que iniciou um tratamento experimental conhecido como terapia CAR-T, que utiliza a modifica\u00e7\u00e3o gen\u00e9tica de c\u00e9lulas do pr\u00f3prio paciente para combater o c\u00e2ncer.<\/p>\n\n\n\n<p>Segundo o ator, os resultados foram surpreendentes. \u201cFiz exames recentemente e n\u00e3o h\u00e1 sinais de c\u00e2ncer no meu corpo. \u00c9 algo extraordin\u00e1rio\u201d, celebrou.<\/p>\n\n\n\n<p>Neill havia tornado p\u00fablico o diagn\u00f3stico em 2023, revelando que enfrentava um linfoma angioimunobl\u00e1stico de c\u00e9lulas T em est\u00e1gio avan\u00e7ado. Os primeiros sintomas surgiram ainda em 2022, durante a divulga\u00e7\u00e3o de Jurassic World: Dom\u00ednio.<\/p>\n\n\n\n<p>Com a recupera\u00e7\u00e3o, o artista afirmou que pretende retomar sua rotina de trabalho em breve. \u201cJ\u00e1 est\u00e1 na hora de fazer outro filme\u201d, disse.<\/p>\n\n\n\n<p>Dono de uma carreira consolidada, Sam Neill marcou gera\u00e7\u00f5es com sua participa\u00e7\u00e3o na saga iniciada por Jurassic Park e tamb\u00e9m atuou em produ\u00e7\u00f5es como O Homem Bicenten\u00e1rio e A Profecia 3. Entre seus pr\u00f3ximos projetos est\u00e1 o longa Godzilla e Kong: Supernova.<\/p>\n\n\n\n<p>A not\u00edcia foi recebida com entusiasmo por f\u00e3s ao redor do mundo, que acompanham a trajet\u00f3ria do ator h\u00e1 d\u00e9cadas.<\/p>","protected":false},"excerpt":{"rendered":"<p>Ator celebra remiss\u00e3o da doen\u00e7a e planeja voltar ao trabalho.<\/p>","protected":false},"author":2,"featured_media":298785,"comment_status":"closed","ping_status":"closed","sticky":false,"template":"","format":"standard","meta":{"footnotes":""},"categories":[173],"tags":[21228],"class_list":["post-298783","post","type-post","status-publish","format-standard","has-post-thumbnail","hentry","category-celebridades","tag-sam-neill"],"_links":{"self":[{"href":"https:\/\/portalpopmais.com.br\/en\/wp-json\/wp\/v2\/posts\/298783","targetHints":{"allow":["GET"]}}],"collection":[{"href":"https:\/\/portalpopmais.com.br\/en\/wp-json\/wp\/v2\/posts"}],"about":[{"href":"https:\/\/portalpopmais.com.br\/en\/wp-json\/wp\/v2\/types\/post"}],"author":[{"embeddable":true,"href":"https:\/\/portalpopmais.com.br\/en\/wp-json\/wp\/v2\/users\/2"}],"replies":[{"embeddable":true,"href":"https:\/\/portalpopmais.com.br\/en\/wp-json\/wp\/v2\/comments?post=298783"}],"version-history":[{"count":1,"href":"https:\/\/portalpopmais.com.br\/en\/wp-json\/wp\/v2\/posts\/298783\/revisions"}],"predecessor-version":[{"id":298787,"href":"https:\/\/portalpopmais.com.br\/en\/wp-json\/wp\/v2\/posts\/298783\/revisions\/298787"}],"wp:featuredmedia":[{"embeddable":true,"href":"https:\/\/portalpopmais.com.br\/en\/wp-json\/wp\/v2\/media\/298785"}],"wp:attachment":[{"href":"https:\/\/portalpopmais.com.br\/en\/wp-json\/wp\/v2\/media?parent=298783"}],"wp:term":[{"taxonomy":"category","embeddable":true,"href":"https:\/\/portalpopmais.com.br\/en\/wp-json\/wp\/v2\/categories?post=298783"},{"taxonomy":"post_tag","embeddable":true,"href":"https:\/\/portalpopmais.com.br\/en\/wp-json\/wp\/v2\/tags?post=298783"}],"curies":[{"name":"wp","href":"https:\/\/api.w.org\/{rel}","templated":true}]}}