{"id":298808,"date":"2026-04-29T10:03:33","date_gmt":"2026-04-29T13:03:33","guid":{"rendered":"https:\/\/portalpopmais.com.br\/?p=298808"},"modified":"2026-04-29T10:06:54","modified_gmt":"2026-04-29T13:06:54","slug":"empresa-ligada-a-palco-de-shakira-atuava-de-forma-irregular-aponta-crea-rj","status":"publish","type":"post","link":"https:\/\/portalpopmais.com.br\/en\/empresa-ligada-a-palco-de-shakira-atuava-de-forma-irregular-aponta-crea-rj\/","title":{"rendered":"Empresa ligada a palco de Shakira atuava de forma irregular, aponta CREA-RJ"},"content":{"rendered":"<p>A empresa respons\u00e1vel por parte da estrutura do palco do show de Shakira no Rio de Janeiro estaria operando de forma irregular, segundo informa\u00e7\u00f5es do CREA-RJ. De acordo com o \u00f3rg\u00e3o, a MG Coutinho Servi\u00e7os Cenogr\u00e1ficos n\u00e3o possu\u00eda registro para exercer atividades de engenharia.<\/p>\n\n\n\n<p>Em nota, o CREA-RJ informou que a empresa ser\u00e1 autuada e multada ap\u00f3s o <a href=\"https:\/\/portalpopmais.com.br\/en\/trabalhador-morre-durante-a-montagem-do-palco-para-show-de-shakira-em-copacabana\/\">acidente ocorrido durante a montagem da estrutura, que resultou na morte de um trabalhador.<\/a> O conselho tamb\u00e9m destacou que fiscais acompanham a obra desde o in\u00edcio de abril e retornaram ao local ap\u00f3s o incidente para apurar detalhes.<\/p>\n\n\n\n<p>Al\u00e9m disso, o \u00f3rg\u00e3o enviou of\u00edcios \u00e0 produtora B\u00f4nus Track solicitando informa\u00e7\u00f5es sobre as empresas envolvidas e os profissionais respons\u00e1veis pelos servi\u00e7os t\u00e9cnicos do evento.<\/p>\n\n\n\n<h3 class=\"wp-block-heading\">Produtora se posiciona<\/h3>\n\n\n\n<p>Procurada, a B\u00f4nus Track afirmou que a MG Coutinho foi contratada apenas para loca\u00e7\u00e3o de elementos cenogr\u00e1ficos, incluindo estruturas de eleva\u00e7\u00e3o automatizadas. A empresa tamb\u00e9m declarou que o projeto conta com acompanhamento de um engenheiro devidamente registrado no CREA-RJ, respons\u00e1vel pelos laudos t\u00e9cnicos.<\/p>\n\n\n\n<p>Segundo a produtora, a empresa envolvida atua no setor desde 2021 e possui experi\u00eancia em grandes eventos no pa\u00eds.<\/p>\n\n\n\n<h3 class=\"wp-block-heading\">Acidente durante montagem<\/h3>\n\n\n\n<p>O caso veio \u00e0 tona ap\u00f3s um grave acidente durante a prepara\u00e7\u00e3o do palco em Copacabana. Um trabalhador, identificado como Gabriel de Jesus Firmino, de 28 anos, morreu ap\u00f3s ser atingido por uma estrutura que desabou.<\/p>\n\n\n\n<p>De acordo com a Pol\u00edcia Militar do Estado do Rio de Janeiro, a v\u00edtima chegou a ser socorrida e levada ao Hospital Municipal Miguel Couto, mas n\u00e3o resistiu aos ferimentos.<\/p>\n\n\n\n<p>J\u00e1 o Corpo de Bombeiros do Estado do Rio de Janeiro informou que o trabalhador sofreu esmagamento dos membros inferiores em um sistema de eleva\u00e7\u00e3o. Ele j\u00e1 havia sido retirado do equipamento por colegas antes da chegada do socorro.<\/p>\n\n\n\n<p>O caso segue sob investiga\u00e7\u00e3o das autoridades, enquanto o epis\u00f3dio levanta questionamentos sobre seguran\u00e7a e fiscaliza\u00e7\u00e3o em grandes produ\u00e7\u00f5es de eventos.<\/p>\n\n\n\n<p><strong>Leia a nota do CREA-RJ na \u00edntegra:<\/strong><\/p>\n\n\n\n<p><em>\u201cA fiscaliza\u00e7\u00e3o do Conselho Regional de Engenharia e Agronomia do Rio de Janeiro (CREA-RJ) informou nesta segunda-feira, dia 27, que vai autuar e multar a empresa MG Coutinho Servi\u00e7os Cenogr\u00e1ficos, para a qual trabalhava o oper\u00e1rio Gabriel de Jesus Firmino, que morreu numa acidente durante a montagem do palco para o show de Shakira, que ser\u00e1 realizado no pr\u00f3ximo dia 2 de maio, na Praia de Copacabana. Os fiscais do CREA-RJ constataram que a empresa n\u00e3o tem registro no Conselho para exercer atividades de engenharia e muito menos respons\u00e1vel t\u00e9cnico.<\/em><\/p>\n\n\n\n<p><em>Fiscais do CREA-RJ v\u00eam acompanhando a montagem do palco desde 7 de abril e estiveram no local novamente na manh\u00e3 desta segunda-feira a fim de levantar informa\u00e7\u00f5es sobre o acidente que matou o oper\u00e1rio, na tarde domingo, dia 26. Com o objetivo de fiscalizar o exerc\u00edcio da profiss\u00e3o de engenheiro, o CREA-RJ j\u00e1 enviou of\u00edcio por duas vezes \u00e0 empresa B\u00f4nus Track, produtora do evento, mas n\u00e3o recebeu todas as informa\u00e7\u00f5es solicitadas.<\/em><\/p>\n\n\n\n<p><em>O superintendente t\u00e9cnico do CREA-RJ, engenheiro Leonardo Dutra, ressalta que \u2018a atividade t\u00e9cnica sempre \u00e9 uma atividade de risco e somente com profissionais e empresas legalmente habilitadas podemos mitigar esses riscos\u2019.<\/em><\/p>\n\n\n\n<p><em>A fiscaliza\u00e7\u00e3o do CREA-RJ solicitou \u00e0 B\u00f4nus Track a rela\u00e7\u00e3o de empresas e dos profissionais que prestam servi\u00e7os t\u00e9cnicos de instala\u00e7\u00e3o e\/ou manuten\u00e7\u00e3o para o show da Shakira. Para cada empresa ou profissional, a rela\u00e7\u00e3o deve conter: raz\u00e3o social da empresa ou nome completo do profissional; 2. CNPJ ou CPF; endere\u00e7o do estabelecimento; n\u00famero, objeto e vig\u00eancia do contrato; e c\u00f3pia dos respectivos contratos e\/ou notas fiscais. O prazo para resposta \u00e9 de quatro dias a partir desta segunda-feira.<\/em><\/p>\n\n\n\n<p><em>A fiscaliza\u00e7\u00e3o do CREA-RJ ressalta a import\u00e2ncia de as empresas atenderem integralmente as solicita\u00e7\u00f5es feitas pelo Conselho.\u201d<\/em><\/p>","protected":false},"excerpt":{"rendered":"<p>Irregularidade \u00e9 apontada ap\u00f3s acidente fatal em montagem de palco<\/p>","protected":false},"author":1,"featured_media":218618,"comment_status":"closed","ping_status":"closed","sticky":false,"template":"","format":"standard","meta":{"footnotes":""},"categories":[154],"tags":[21231],"class_list":["post-298808","post","type-post","status-publish","format-standard","has-post-thumbnail","hentry","category-musica","tag-sakira"],"_links":{"self":[{"href":"https:\/\/portalpopmais.com.br\/en\/wp-json\/wp\/v2\/posts\/298808","targetHints":{"allow":["GET"]}}],"collection":[{"href":"https:\/\/portalpopmais.com.br\/en\/wp-json\/wp\/v2\/posts"}],"about":[{"href":"https:\/\/portalpopmais.com.br\/en\/wp-json\/wp\/v2\/types\/post"}],"author":[{"embeddable":true,"href":"https:\/\/portalpopmais.com.br\/en\/wp-json\/wp\/v2\/users\/1"}],"replies":[{"embeddable":true,"href":"https:\/\/portalpopmais.com.br\/en\/wp-json\/wp\/v2\/comments?post=298808"}],"version-history":[{"count":1,"href":"https:\/\/portalpopmais.com.br\/en\/wp-json\/wp\/v2\/posts\/298808\/revisions"}],"predecessor-version":[{"id":298809,"href":"https:\/\/portalpopmais.com.br\/en\/wp-json\/wp\/v2\/posts\/298808\/revisions\/298809"}],"wp:featuredmedia":[{"embeddable":true,"href":"https:\/\/portalpopmais.com.br\/en\/wp-json\/wp\/v2\/media\/218618"}],"wp:attachment":[{"href":"https:\/\/portalpopmais.com.br\/en\/wp-json\/wp\/v2\/media?parent=298808"}],"wp:term":[{"taxonomy":"category","embeddable":true,"href":"https:\/\/portalpopmais.com.br\/en\/wp-json\/wp\/v2\/categories?post=298808"},{"taxonomy":"post_tag","embeddable":true,"href":"https:\/\/portalpopmais.com.br\/en\/wp-json\/wp\/v2\/tags?post=298808"}],"curies":[{"name":"wp","href":"https:\/\/api.w.org\/{rel}","templated":true}]}}