{"id":298818,"date":"2026-04-29T10:47:38","date_gmt":"2026-04-29T13:47:38","guid":{"rendered":"https:\/\/portalpopmais.com.br\/?p=298818"},"modified":"2026-04-29T10:47:42","modified_gmt":"2026-04-29T13:47:42","slug":"mc-caverinha-lanca-o-single-baby-you-need-me-veja-letra","status":"publish","type":"post","link":"https:\/\/portalpopmais.com.br\/en\/mc-caverinha-lanca-o-single-baby-you-need-me-veja-letra\/","title":{"rendered":"MC Caverinha lan\u00e7a o single \u201cBaby You Need Me\u201d; veja letra"},"content":{"rendered":"<p>MC Caverinha apresenta nesta quarta-feira, dia 29 de abril, o single \u201cBaby You Need Me\u201d, que marca o in\u00edcio de um novo ciclo de trabalho em 2026. A faixa, que conta com produ\u00e7\u00e3o de Bvga Beatz e Viper, chega acompanhada de videoclipe, apostando em um som de refr\u00e3o pensado tamb\u00e9m para engajar o p\u00fablico nas redes sociais.<\/p>\n\n\n\n<p>A movimenta\u00e7\u00e3o chega ap\u00f3s a mixtape \u201cEcos do Sil\u00eancio\u201d, lan\u00e7ada em dezembro de 2025, trabalho no qual o artista refor\u00e7ou sua identidade ao revisitar o trap com mais maturidade, reunindo participa\u00e7\u00f5es de Kayblack, G.A e Ghard.<\/p>\n\n\n\n<p>\u201cBaby You Need Me\u201d refor\u00e7a a presen\u00e7a de MC Caverinha na m\u00fasica e investe em uma est\u00e9tica conectada ao lifestyle da cena. O lan\u00e7amento tamb\u00e9m prepara terreno para os pr\u00f3ximos movimentos do artista, previstos para os pr\u00f3ximos meses.<\/p>\n\n\n\n<figure class=\"wp-block-embed is-type-video is-provider-youtube wp-block-embed-youtube wp-embed-aspect-4-3 wp-has-aspect-ratio\"><div class=\"wp-block-embed__wrapper\">\n<iframe loading=\"lazy\" title=\"Baby You Need Me\" width=\"880\" height=\"660\" src=\"https:\/\/www.youtube.com\/embed\/L_tfhctkTys?feature=oembed\" frameborder=\"0\" allow=\"accelerometer; autoplay; clipboard-write; encrypted-media; gyroscope; picture-in-picture; web-share\" referrerpolicy=\"strict-origin-when-cross-origin\" allowfullscreen><\/iframe>\n<\/div><\/figure>\n\n\n\n<p><strong>Letra<\/strong><\/p>\n\n\n\n<p><em>Em atualiza\u00e7\u00e3o<\/em><\/p>","protected":false},"excerpt":{"rendered":"<p>MC Caverinha apresenta nesta quarta-feira, dia 29 de abril, o single \u201cBaby You Need Me\u201d, que marca o in\u00edcio de um novo ciclo de trabalho em 2026. A faixa, que conta com produ\u00e7\u00e3o de Bvga Beatz e Viper, chega acompanhada de videoclipe, apostando em um som de refr\u00e3o pensado tamb\u00e9m para engajar o p\u00fablico nas [&hellip;]<\/p>\n","protected":false},"author":2,"featured_media":298819,"comment_status":"closed","ping_status":"closed","sticky":false,"template":"","format":"standard","meta":{"footnotes":""},"categories":[154],"tags":[9952],"class_list":["post-298818","post","type-post","status-publish","format-standard","has-post-thumbnail","hentry","category-musica","tag-mc-caverinha"],"_links":{"self":[{"href":"https:\/\/portalpopmais.com.br\/en\/wp-json\/wp\/v2\/posts\/298818","targetHints":{"allow":["GET"]}}],"collection":[{"href":"https:\/\/portalpopmais.com.br\/en\/wp-json\/wp\/v2\/posts"}],"about":[{"href":"https:\/\/portalpopmais.com.br\/en\/wp-json\/wp\/v2\/types\/post"}],"author":[{"embeddable":true,"href":"https:\/\/portalpopmais.com.br\/en\/wp-json\/wp\/v2\/users\/2"}],"replies":[{"embeddable":true,"href":"https:\/\/portalpopmais.com.br\/en\/wp-json\/wp\/v2\/comments?post=298818"}],"version-history":[{"count":1,"href":"https:\/\/portalpopmais.com.br\/en\/wp-json\/wp\/v2\/posts\/298818\/revisions"}],"predecessor-version":[{"id":298820,"href":"https:\/\/portalpopmais.com.br\/en\/wp-json\/wp\/v2\/posts\/298818\/revisions\/298820"}],"wp:featuredmedia":[{"embeddable":true,"href":"https:\/\/portalpopmais.com.br\/en\/wp-json\/wp\/v2\/media\/298819"}],"wp:attachment":[{"href":"https:\/\/portalpopmais.com.br\/en\/wp-json\/wp\/v2\/media?parent=298818"}],"wp:term":[{"taxonomy":"category","embeddable":true,"href":"https:\/\/portalpopmais.com.br\/en\/wp-json\/wp\/v2\/categories?post=298818"},{"taxonomy":"post_tag","embeddable":true,"href":"https:\/\/portalpopmais.com.br\/en\/wp-json\/wp\/v2\/tags?post=298818"}],"curies":[{"name":"wp","href":"https:\/\/api.w.org\/{rel}","templated":true}]}}