{"id":298828,"date":"2026-04-29T13:34:01","date_gmt":"2026-04-29T16:34:01","guid":{"rendered":"https:\/\/portalpopmais.com.br\/?p=298828"},"modified":"2026-04-29T13:34:03","modified_gmt":"2026-04-29T16:34:03","slug":"cachorro-de-edson-dupla-com-hudson-e-encontrado-morto-apos-dias-desaparecido-em-sp","status":"publish","type":"post","link":"https:\/\/portalpopmais.com.br\/en\/cachorro-de-edson-dupla-com-hudson-e-encontrado-morto-apos-dias-desaparecido-em-sp\/","title":{"rendered":"Cachorro de Edson, dupla com Hudson, \u00e9 encontrado morto ap\u00f3s dias desaparecido em SP"},"content":{"rendered":"<p>O cantor Edson, da dupla com Hudson, comunicou aos f\u00e3s na noite de ter\u00e7a-feira (28) que seu cachorro de estima\u00e7\u00e3o foi encontrado sem vida ap\u00f3s dias desaparecido.<\/p>\n\n\n\n<p>O pinscher Kiko havia sumido no dia 22 de abril dentro do condom\u00ednio Ch\u00e1cara Polaris, localizado em Indaiatuba, no interior de S\u00e3o Paulo. Desde ent\u00e3o, familiares e seguidores se mobilizaram nas redes sociais em busca de informa\u00e7\u00f5es sobre o paradeiro do animal.<\/p>\n\n\n\n<p>Em nota conjunta, assinada por Edson, sua esposa D\u00e9ia e a filha Bella, a fam\u00edlia lamentou a perda. \u201cMesmo diante da esperan\u00e7a e da mobiliza\u00e7\u00e3o de tantas pessoas, Kiko foi encontrado j\u00e1 sem vida, trazendo imensa tristeza a todos que acompanhavam sua busca\u201d, diz o comunicado.<\/p>\n\n\n\n<p>O texto tamb\u00e9m destacou a import\u00e2ncia do animal para a fam\u00edlia. \u201cKiko era mais que um animal de estima\u00e7\u00e3o \u2014 era parte da fam\u00edlia, companheiro leal e fonte di\u00e1ria de afeto. Sua aus\u00eancia deixa um vazio irrepar\u00e1vel\u201d, acrescentaram.<\/p>\n\n\n\n<p>Durante o per\u00edodo de buscas, Bella, de 6 anos, chegou a publicar v\u00eddeos nas redes sociais pedindo ajuda para encontrar o cachorro, que tinha 3 anos e frequentemente aparecia em registros da fam\u00edlia.<\/p>\n\n\n\n<p>At\u00e9 o momento, n\u00e3o foram divulgadas informa\u00e7\u00f5es sobre a causa da morte do animal.<\/p>","protected":false},"excerpt":{"rendered":"<p>O cantor Edson, da dupla com Hudson, comunicou aos f\u00e3s na noite de ter\u00e7a-feira (28) que seu cachorro de estima\u00e7\u00e3o foi encontrado sem vida ap\u00f3s dias desaparecido. O pinscher Kiko havia sumido no dia 22 de abril dentro do condom\u00ednio Ch\u00e1cara Polaris, localizado em Indaiatuba, no interior de S\u00e3o Paulo. Desde ent\u00e3o, familiares e seguidores [&hellip;]<\/p>\n","protected":false},"author":2,"featured_media":298831,"comment_status":"closed","ping_status":"closed","sticky":false,"template":"","format":"standard","meta":{"footnotes":""},"categories":[173],"tags":[15700],"class_list":["post-298828","post","type-post","status-publish","format-standard","has-post-thumbnail","hentry","category-celebridades","tag-edson-e-hudson"],"_links":{"self":[{"href":"https:\/\/portalpopmais.com.br\/en\/wp-json\/wp\/v2\/posts\/298828","targetHints":{"allow":["GET"]}}],"collection":[{"href":"https:\/\/portalpopmais.com.br\/en\/wp-json\/wp\/v2\/posts"}],"about":[{"href":"https:\/\/portalpopmais.com.br\/en\/wp-json\/wp\/v2\/types\/post"}],"author":[{"embeddable":true,"href":"https:\/\/portalpopmais.com.br\/en\/wp-json\/wp\/v2\/users\/2"}],"replies":[{"embeddable":true,"href":"https:\/\/portalpopmais.com.br\/en\/wp-json\/wp\/v2\/comments?post=298828"}],"version-history":[{"count":1,"href":"https:\/\/portalpopmais.com.br\/en\/wp-json\/wp\/v2\/posts\/298828\/revisions"}],"predecessor-version":[{"id":298832,"href":"https:\/\/portalpopmais.com.br\/en\/wp-json\/wp\/v2\/posts\/298828\/revisions\/298832"}],"wp:featuredmedia":[{"embeddable":true,"href":"https:\/\/portalpopmais.com.br\/en\/wp-json\/wp\/v2\/media\/298831"}],"wp:attachment":[{"href":"https:\/\/portalpopmais.com.br\/en\/wp-json\/wp\/v2\/media?parent=298828"}],"wp:term":[{"taxonomy":"category","embeddable":true,"href":"https:\/\/portalpopmais.com.br\/en\/wp-json\/wp\/v2\/categories?post=298828"},{"taxonomy":"post_tag","embeddable":true,"href":"https:\/\/portalpopmais.com.br\/en\/wp-json\/wp\/v2\/tags?post=298828"}],"curies":[{"name":"wp","href":"https:\/\/api.w.org\/{rel}","templated":true}]}}