{"id":298836,"date":"2026-04-29T13:45:57","date_gmt":"2026-04-29T16:45:57","guid":{"rendered":"https:\/\/portalpopmais.com.br\/?p=298836"},"modified":"2026-04-29T13:46:00","modified_gmt":"2026-04-29T16:46:00","slug":"as-fotos-da-suite-que-shakira-ficara-hospedada-no-rio","status":"publish","type":"post","link":"https:\/\/portalpopmais.com.br\/en\/as-fotos-da-suite-que-shakira-ficara-hospedada-no-rio\/","title":{"rendered":"As fotos da su\u00edte que Shakira ficar\u00e1 hospedada no Rio"},"content":{"rendered":"<p>A cantora <strong><a href=\"https:\/\/portalpopmais.com.br\/en\/trends\/shakira\/\" data-type=\"post_tag\" data-id=\"466\">Shakira<\/a><\/strong> ficar\u00e1 hospedada na tradicional su\u00edte presidencial do Copacabana Palace durante sua passagem pelo Rio de Janeiro. O espa\u00e7o \u00e9 conhecido por receber grandes nomes internacionais e j\u00e1 foi ocupado recentemente por artistas como Lady Gaga e Madonna.<\/p>\n\n\n\n<p>Com cerca de 119 metros quadrados, a su\u00edte oferece vista privilegiada para o mar de Copacabana, al\u00e9m de servi\u00e7os exclusivos como caf\u00e9 da manh\u00e3 no quarto, bar privativo e atendimento personalizado. O valor da di\u00e1ria pode ultrapassar R$ 20 mil, dependendo da \u00e9poca do ano.<\/p>\n\n\n\n<p>Ao longo dos anos, o local tamb\u00e9m hospedou outras celebridades internacionais, como Justin Bieber, Mick Jagger, Katy Perry e Rosal\u00eda. Personalidades hist\u00f3ricas, como Rainha Elizabeth II e Princesa Diana, tamb\u00e9m j\u00e1 passaram pelo hotel.<\/p>\n\n\n<div class=\"wp-block-image\">\n<figure class=\"aligncenter size-full\"><img loading=\"lazy\" decoding=\"async\" width=\"774\" height=\"311\" src=\"https:\/\/portalpopmais.com.br\/wp-content\/uploads\/2026\/04\/image-209.png\" alt=\"image\" class=\"wp-image-298837\" title=\"\" srcset=\"https:\/\/portalpopmais.com.br\/wp-content\/uploads\/2026\/04\/image-209.png 774w, https:\/\/portalpopmais.com.br\/wp-content\/uploads\/2026\/04\/image-209-768x309.png 768w, https:\/\/portalpopmais.com.br\/wp-content\/uploads\/2026\/04\/image-209-18x7.png 18w\" sizes=\"auto, (max-width: 774px) 100vw, 774px\" \/><figcaption class=\"wp-element-caption\">Detalhe da su\u00edte presidencial do Copacabana Palace &#8211; Foto: Reprodu\u00e7\u00e3o<\/figcaption><\/figure>\n<\/div>\n\n<div class=\"wp-block-image\">\n<figure class=\"aligncenter size-full\"><img loading=\"lazy\" decoding=\"async\" width=\"774\" height=\"323\" src=\"https:\/\/portalpopmais.com.br\/wp-content\/uploads\/2026\/04\/image-210.png\" alt=\"image\" class=\"wp-image-298838\" title=\"\" srcset=\"https:\/\/portalpopmais.com.br\/wp-content\/uploads\/2026\/04\/image-210.png 774w, https:\/\/portalpopmais.com.br\/wp-content\/uploads\/2026\/04\/image-210-768x320.png 768w, https:\/\/portalpopmais.com.br\/wp-content\/uploads\/2026\/04\/image-210-18x8.png 18w\" sizes=\"auto, (max-width: 774px) 100vw, 774px\" \/><figcaption class=\"wp-element-caption\">Detalhe da su\u00edte presidencial do Copacabana Palace &#8211; Foto: Reprodu\u00e7\u00e3o<\/figcaption><\/figure>\n<\/div>\n\n\n<h3 class=\"wp-block-heading\">Show em Copacabana<\/h3>\n\n\n\n<p>A passagem de Shakira pelo Rio acontece por conta de sua apresenta\u00e7\u00e3o gratuita marcada para este s\u00e1bado (2), na Praia de Copacabana. O evento faz parte do festival \u201cTodo Mundo no Rio\u201d, que tem reunido grandes nomes da m\u00fasica internacional.<\/p>\n\n\n\n<p>Nas edi\u00e7\u00f5es anteriores, o evento contou com shows hist\u00f3ricos, como o de Madonna, que celebrou seus 40 anos de carreira, e o de Lady Gaga, que reuniu mais de 2 milh\u00f5es de pessoas na orla carioca.<\/p>\n\n\n\n<p>A expectativa \u00e9 que a apresenta\u00e7\u00e3o de Shakira tamb\u00e9m atraia um grande p\u00fablico, refor\u00e7ando o sucesso do festival e a tradi\u00e7\u00e3o do Rio de Janeiro em sediar megaeventos musicais.<\/p>","protected":false},"excerpt":{"rendered":"<p>Cantora ficar\u00e1 em hospedagem de luxo antes de show em Copacabana.<\/p>","protected":false},"author":2,"featured_media":218618,"comment_status":"closed","ping_status":"closed","sticky":false,"template":"","format":"standard","meta":{"footnotes":""},"categories":[173],"tags":[466,17346],"class_list":["post-298836","post","type-post","status-publish","format-standard","has-post-thumbnail","hentry","category-celebridades","tag-shakira","tag-todo-mundo-no-rio"],"_links":{"self":[{"href":"https:\/\/portalpopmais.com.br\/en\/wp-json\/wp\/v2\/posts\/298836","targetHints":{"allow":["GET"]}}],"collection":[{"href":"https:\/\/portalpopmais.com.br\/en\/wp-json\/wp\/v2\/posts"}],"about":[{"href":"https:\/\/portalpopmais.com.br\/en\/wp-json\/wp\/v2\/types\/post"}],"author":[{"embeddable":true,"href":"https:\/\/portalpopmais.com.br\/en\/wp-json\/wp\/v2\/users\/2"}],"replies":[{"embeddable":true,"href":"https:\/\/portalpopmais.com.br\/en\/wp-json\/wp\/v2\/comments?post=298836"}],"version-history":[{"count":1,"href":"https:\/\/portalpopmais.com.br\/en\/wp-json\/wp\/v2\/posts\/298836\/revisions"}],"predecessor-version":[{"id":298839,"href":"https:\/\/portalpopmais.com.br\/en\/wp-json\/wp\/v2\/posts\/298836\/revisions\/298839"}],"wp:featuredmedia":[{"embeddable":true,"href":"https:\/\/portalpopmais.com.br\/en\/wp-json\/wp\/v2\/media\/218618"}],"wp:attachment":[{"href":"https:\/\/portalpopmais.com.br\/en\/wp-json\/wp\/v2\/media?parent=298836"}],"wp:term":[{"taxonomy":"category","embeddable":true,"href":"https:\/\/portalpopmais.com.br\/en\/wp-json\/wp\/v2\/categories?post=298836"},{"taxonomy":"post_tag","embeddable":true,"href":"https:\/\/portalpopmais.com.br\/en\/wp-json\/wp\/v2\/tags?post=298836"}],"curies":[{"name":"wp","href":"https:\/\/api.w.org\/{rel}","templated":true}]}}