{"id":298858,"date":"2026-04-29T17:21:44","date_gmt":"2026-04-29T20:21:44","guid":{"rendered":"https:\/\/portalpopmais.com.br\/?p=298858"},"modified":"2026-04-29T17:36:55","modified_gmt":"2026-04-29T20:36:55","slug":"stenio-garcia-passa-mal-e-da-entrada-em-hospital-apos-treta-com-as-filhas","status":"publish","type":"post","link":"https:\/\/portalpopmais.com.br\/en\/stenio-garcia-passa-mal-e-da-entrada-em-hospital-apos-treta-com-as-filhas\/","title":{"rendered":"St\u00eanio Garcia passa mal e d\u00e1 entrada em hospital ap\u00f3s treta com as filhas"},"content":{"rendered":"<p>O ator St\u00eanio Garcia, de 93 anos, precisou de atendimento m\u00e9dico na madrugada desta quarta-feira (29\/4) ap\u00f3s passar mal em casa. A informa\u00e7\u00e3o foi confirmada por sua esposa, Mari Saade.<\/p>\n\n\n\n<p>Segundo ela, o artista teve uma queda de press\u00e3o, possivelmente causada pelo estresse envolvendo a disputa judicial com suas filhas. Apesar da recomenda\u00e7\u00e3o da equipe m\u00e9dica para interna\u00e7\u00e3o, St\u00eanio optou por se recuperar em casa, onde permanece em observa\u00e7\u00e3o.<\/p>\n\n\n\n<p>Mari ainda revelou que essa n\u00e3o \u00e9 a primeira vez que o estado emocional do ator \u00e9 abalado pela situa\u00e7\u00e3o familiar. O desgaste provocado pelo conflito j\u00e1 teria impactado a sa\u00fade dele em outros momentos.<\/p>\n\n\n\n<h3 class=\"wp-block-heading\"><strong>Entenda a disputa de St\u00eanio Garcia com as filhas<\/strong><\/h3>\n\n\n\n<p>Em outubro de 2025, veio \u00e0 tona que o ator iniciou uma a\u00e7\u00e3o judicial contra as filhas que teve com a atriz Clarice Piovesan. Ele alega que elas se apropriaram indevidamente de um apartamento localizado em Ipanema, no Rio de Janeiro, im\u00f3vel que, segundo ele, estaria sob seu \u201cusufruto vital\u00edcio exclusivo\u201d.<\/p>\n\n\n\n<p>O conflito envolvendo a propriedade teve in\u00edcio em 2019, quando Clarice e as filhas, C\u00e1ssia e Gaya, teriam colocado o apartamento para aluguel sem o seu consentimento. Na ocasi\u00e3o, o ator \u2014 hoje com 93 anos \u2014 tentou solucionar a quest\u00e3o de forma amig\u00e1vel, mas n\u00e3o obteve \u00eaxito.<\/p>\n\n\n\n<p>Em desabafo nas redes sociais, St\u00eanio afirmou que recorreu \u00e0 Justi\u00e7a por falta de alternativas. Ele tamb\u00e9m criticou a exposi\u00e7\u00e3o do caso, dizendo que o processo foi divulgado de maneira equivocada, prejudicando sua imagem como pai que criou as filhas sozinho e lhes deu apoio ao longo da vida.<\/p>\n\n\n\n<p><\/p>","protected":false},"excerpt":{"rendered":"<p>O ator St\u00eanio Garcia, de 93 anos, precisou de atendimento m\u00e9dico na madrugada desta quarta-feira (29\/4) ap\u00f3s passar mal em casa. A informa\u00e7\u00e3o foi confirmada por sua esposa, Mari Saade. Segundo ela, o artista teve uma queda de press\u00e3o, possivelmente causada pelo estresse envolvendo a disputa judicial com suas filhas. Apesar da recomenda\u00e7\u00e3o da equipe [&hellip;]<\/p>\n","protected":false},"author":1,"featured_media":238314,"comment_status":"closed","ping_status":"closed","sticky":false,"template":"","format":"standard","meta":{"footnotes":""},"categories":[173],"tags":[11677],"class_list":["post-298858","post","type-post","status-publish","format-standard","has-post-thumbnail","hentry","category-celebridades","tag-stenio-garcia-2"],"_links":{"self":[{"href":"https:\/\/portalpopmais.com.br\/en\/wp-json\/wp\/v2\/posts\/298858","targetHints":{"allow":["GET"]}}],"collection":[{"href":"https:\/\/portalpopmais.com.br\/en\/wp-json\/wp\/v2\/posts"}],"about":[{"href":"https:\/\/portalpopmais.com.br\/en\/wp-json\/wp\/v2\/types\/post"}],"author":[{"embeddable":true,"href":"https:\/\/portalpopmais.com.br\/en\/wp-json\/wp\/v2\/users\/1"}],"replies":[{"embeddable":true,"href":"https:\/\/portalpopmais.com.br\/en\/wp-json\/wp\/v2\/comments?post=298858"}],"version-history":[{"count":2,"href":"https:\/\/portalpopmais.com.br\/en\/wp-json\/wp\/v2\/posts\/298858\/revisions"}],"predecessor-version":[{"id":298860,"href":"https:\/\/portalpopmais.com.br\/en\/wp-json\/wp\/v2\/posts\/298858\/revisions\/298860"}],"wp:featuredmedia":[{"embeddable":true,"href":"https:\/\/portalpopmais.com.br\/en\/wp-json\/wp\/v2\/media\/238314"}],"wp:attachment":[{"href":"https:\/\/portalpopmais.com.br\/en\/wp-json\/wp\/v2\/media?parent=298858"}],"wp:term":[{"taxonomy":"category","embeddable":true,"href":"https:\/\/portalpopmais.com.br\/en\/wp-json\/wp\/v2\/categories?post=298858"},{"taxonomy":"post_tag","embeddable":true,"href":"https:\/\/portalpopmais.com.br\/en\/wp-json\/wp\/v2\/tags?post=298858"}],"curies":[{"name":"wp","href":"https:\/\/api.w.org\/{rel}","templated":true}]}}