{"id":298887,"date":"2026-04-30T16:19:36","date_gmt":"2026-04-30T19:19:36","guid":{"rendered":"https:\/\/portalpopmais.com.br\/?p=298887"},"modified":"2026-04-30T16:19:38","modified_gmt":"2026-04-30T19:19:38","slug":"whindersson-nunes-relata-confusao-mental-e-levanta-alerta-sobre-saude-psicologica","status":"publish","type":"post","link":"https:\/\/portalpopmais.com.br\/en\/whindersson-nunes-relata-confusao-mental-e-levanta-alerta-sobre-saude-psicologica\/","title":{"rendered":"Whindersson Nunes relata confus\u00e3o mental e levanta alerta sobre sa\u00fade psicol\u00f3gica"},"content":{"rendered":"<p>Um desabafo do humorista Whindersson Nunes sobre sua sa\u00fade mental chamou aten\u00e7\u00e3o e reacendeu o debate sobre os limites emocionais e a import\u00e2ncia do cuidado psicol\u00f3gico. Em entrevista ao apresentador F\u00e1bio Porchat, o artista revelou que decidiu se internar em uma cl\u00ednica psiqui\u00e1trica ap\u00f3s sentir que estava \u201cenlouquecendo\u201d.<\/p>\n\n\n\n<p>Durante participa\u00e7\u00e3o no programa Que Hist\u00f3ria \u00e9 Essa, Porchat?, Whindersson contou que chegou a confundir situa\u00e7\u00f5es do cotidiano, o que o fez perceber a necessidade de ajuda profissional.<\/p>\n\n\n\n<p>\u201cEu acho que todo mundo tem esse momento de pensar \u2018rapaz, eu acho que estou enlouquecendo\u2019. Eu estava realmente confundindo a realidade, n\u00e3o estava mais ouvindo coisa com coisa\u201d, afirmou.<\/p>\n\n\n\n<p>Ele tamb\u00e9m relatou um epis\u00f3dio que considerou decisivo para buscar tratamento. \u201cUm amigo chegou com o cachorro e eu fui cumprimentar\u2026 acabei cumprimentando o cachorro como se fosse ele. Na hora a gente riu, mas depois eu pensei que algo n\u00e3o estava certo\u201d, contou.<\/p>\n\n\n\n<h3 class=\"wp-block-heading\">Especialistas alertam para sinais<\/h3>\n\n\n\n<p>De acordo com profissionais da \u00e1rea, relatos como o de Whindersson n\u00e3o devem ser ignorados. A psiquiatra Jessica Martani explica que epis\u00f3dios de confus\u00e3o mental podem indicar um n\u00edvel elevado de desgaste psicol\u00f3gico.<\/p>\n\n\n\n<p>\u201cQuando a pessoa come\u00e7a a ter dificuldade de organizar pensamentos ou diferenciar o que \u00e9 real, isso pode ser sinal de exaust\u00e3o ps\u00edquica ou at\u00e9 de um quadro mais complexo\u201d, afirmou.<\/p>\n\n\n\n<p>A especialista destaca que o estresse cont\u00ednuo pode afetar diretamente o funcionamento do c\u00e9rebro, provocando lapsos de aten\u00e7\u00e3o, comportamentos incomuns e sensa\u00e7\u00e3o de desconex\u00e3o com a realidade.<\/p>\n\n\n\n<h3 class=\"wp-block-heading\">Import\u00e2ncia do tratamento<\/h3>\n\n\n\n<p>Ainda segundo a psiquiatra, a interna\u00e7\u00e3o psiqui\u00e1trica, quando recomendada, deve ser vista como parte do cuidado e n\u00e3o como um estigma.<\/p>\n\n\n\n<p>\u201cPode ser um espa\u00e7o seguro para reorganizar a rotina, ajustar tratamentos e permitir a recupera\u00e7\u00e3o emocional e cognitiva\u201d, explicou.<\/p>","protected":false},"excerpt":{"rendered":"<p>Um desabafo do humorista Whindersson Nunes sobre sua sa\u00fade mental chamou aten\u00e7\u00e3o e reacendeu o debate sobre os limites emocionais e a import\u00e2ncia do cuidado psicol\u00f3gico. Em entrevista ao apresentador F\u00e1bio Porchat, o artista revelou que decidiu se internar em uma cl\u00ednica psiqui\u00e1trica ap\u00f3s sentir que estava \u201cenlouquecendo\u201d. Durante participa\u00e7\u00e3o no programa Que Hist\u00f3ria \u00e9 [&hellip;]<\/p>\n","protected":false},"author":2,"featured_media":286726,"comment_status":"closed","ping_status":"closed","sticky":false,"template":"","format":"standard","meta":{"footnotes":""},"categories":[173],"tags":[2276],"class_list":["post-298887","post","type-post","status-publish","format-standard","has-post-thumbnail","hentry","category-celebridades","tag-whindersson-nunes"],"_links":{"self":[{"href":"https:\/\/portalpopmais.com.br\/en\/wp-json\/wp\/v2\/posts\/298887","targetHints":{"allow":["GET"]}}],"collection":[{"href":"https:\/\/portalpopmais.com.br\/en\/wp-json\/wp\/v2\/posts"}],"about":[{"href":"https:\/\/portalpopmais.com.br\/en\/wp-json\/wp\/v2\/types\/post"}],"author":[{"embeddable":true,"href":"https:\/\/portalpopmais.com.br\/en\/wp-json\/wp\/v2\/users\/2"}],"replies":[{"embeddable":true,"href":"https:\/\/portalpopmais.com.br\/en\/wp-json\/wp\/v2\/comments?post=298887"}],"version-history":[{"count":1,"href":"https:\/\/portalpopmais.com.br\/en\/wp-json\/wp\/v2\/posts\/298887\/revisions"}],"predecessor-version":[{"id":298888,"href":"https:\/\/portalpopmais.com.br\/en\/wp-json\/wp\/v2\/posts\/298887\/revisions\/298888"}],"wp:featuredmedia":[{"embeddable":true,"href":"https:\/\/portalpopmais.com.br\/en\/wp-json\/wp\/v2\/media\/286726"}],"wp:attachment":[{"href":"https:\/\/portalpopmais.com.br\/en\/wp-json\/wp\/v2\/media?parent=298887"}],"wp:term":[{"taxonomy":"category","embeddable":true,"href":"https:\/\/portalpopmais.com.br\/en\/wp-json\/wp\/v2\/categories?post=298887"},{"taxonomy":"post_tag","embeddable":true,"href":"https:\/\/portalpopmais.com.br\/en\/wp-json\/wp\/v2\/tags?post=298887"}],"curies":[{"name":"wp","href":"https:\/\/api.w.org\/{rel}","templated":true}]}}