{"id":298896,"date":"2026-04-30T16:52:29","date_gmt":"2026-04-30T19:52:29","guid":{"rendered":"https:\/\/portalpopmais.com.br\/?p=298896"},"modified":"2026-04-30T16:53:29","modified_gmt":"2026-04-30T19:53:29","slug":"filho-de-cid-moreira-deixa-prisao-apos-decisao-da-justica-de-sao-paulo","status":"publish","type":"post","link":"https:\/\/portalpopmais.com.br\/en\/filho-de-cid-moreira-deixa-prisao-apos-decisao-da-justica-de-sao-paulo\/","title":{"rendered":"Filho de Cid Moreira deixa pris\u00e3o ap\u00f3s decis\u00e3o da Justi\u00e7a de S\u00e3o Paulo"},"content":{"rendered":"<p>Rodrigo Radenzev Sim\u00f5es Moreira, filho do jornalista Cid Moreira (1927\u20132024), foi colocado em liberdade ap\u00f3s decis\u00e3o do Tribunal de Justi\u00e7a do Estado de S\u00e3o Paulo, que autorizou sua soltura provis\u00f3ria.<\/p>\n\n\n\n<p>Ele estava preso h\u00e1 cerca de quatro meses, desde que foi detido em flagrante sob acusa\u00e7\u00f5es de posse ilegal de arma de fogo e tr\u00e1fico de drogas.<\/p>\n\n\n\n<p>A Justi\u00e7a determinou que Rodrigo cumpra a pena em regime aberto. A senten\u00e7a, assinada na \u00faltima ter\u00e7a-feira (28), estabelece 2 anos e 6 meses de reclus\u00e3o, al\u00e9m de 1 ano de deten\u00e7\u00e3o e pagamento de multa.<\/p>\n\n\n\n<p>A pris\u00e3o ocorreu em 8 de dezembro de 2025, quando autoridades apreenderam com ele aproximadamente 582 gramas de maconha, uma planta da mesma subst\u00e2ncia e um rev\u00f3lver. Desde ent\u00e3o, ele aguardava o andamento do processo em deten\u00e7\u00e3o.<\/p>\n\n\n\n<p>Com a decis\u00e3o, Rodrigo poder\u00e1 responder aos pr\u00f3ximos desdobramentos judiciais fora da pris\u00e3o, desde que cumpra as condi\u00e7\u00f5es impostas pela Justi\u00e7a.<\/p>","protected":false},"excerpt":{"rendered":"<p>Rodrigo Radenzev Sim\u00f5es Moreira, filho do jornalista Cid Moreira (1927\u20132024), foi colocado em liberdade ap\u00f3s decis\u00e3o do Tribunal de Justi\u00e7a do Estado de S\u00e3o Paulo, que autorizou sua soltura provis\u00f3ria. Ele estava preso h\u00e1 cerca de quatro meses, desde que foi detido em flagrante sob acusa\u00e7\u00f5es de posse ilegal de arma de fogo e tr\u00e1fico [&hellip;]<\/p>\n","protected":false},"author":2,"featured_media":298897,"comment_status":"closed","ping_status":"closed","sticky":false,"template":"","format":"standard","meta":{"footnotes":""},"categories":[173],"tags":[8933],"class_list":["post-298896","post","type-post","status-publish","format-standard","has-post-thumbnail","hentry","category-celebridades","tag-cid-moreira"],"_links":{"self":[{"href":"https:\/\/portalpopmais.com.br\/en\/wp-json\/wp\/v2\/posts\/298896","targetHints":{"allow":["GET"]}}],"collection":[{"href":"https:\/\/portalpopmais.com.br\/en\/wp-json\/wp\/v2\/posts"}],"about":[{"href":"https:\/\/portalpopmais.com.br\/en\/wp-json\/wp\/v2\/types\/post"}],"author":[{"embeddable":true,"href":"https:\/\/portalpopmais.com.br\/en\/wp-json\/wp\/v2\/users\/2"}],"replies":[{"embeddable":true,"href":"https:\/\/portalpopmais.com.br\/en\/wp-json\/wp\/v2\/comments?post=298896"}],"version-history":[{"count":1,"href":"https:\/\/portalpopmais.com.br\/en\/wp-json\/wp\/v2\/posts\/298896\/revisions"}],"predecessor-version":[{"id":298898,"href":"https:\/\/portalpopmais.com.br\/en\/wp-json\/wp\/v2\/posts\/298896\/revisions\/298898"}],"wp:featuredmedia":[{"embeddable":true,"href":"https:\/\/portalpopmais.com.br\/en\/wp-json\/wp\/v2\/media\/298897"}],"wp:attachment":[{"href":"https:\/\/portalpopmais.com.br\/en\/wp-json\/wp\/v2\/media?parent=298896"}],"wp:term":[{"taxonomy":"category","embeddable":true,"href":"https:\/\/portalpopmais.com.br\/en\/wp-json\/wp\/v2\/categories?post=298896"},{"taxonomy":"post_tag","embeddable":true,"href":"https:\/\/portalpopmais.com.br\/en\/wp-json\/wp\/v2\/tags?post=298896"}],"curies":[{"name":"wp","href":"https:\/\/api.w.org\/{rel}","templated":true}]}}