{"id":298913,"date":"2026-05-01T08:09:17","date_gmt":"2026-05-01T11:09:17","guid":{"rendered":"https:\/\/portalpopmais.com.br\/?p=298913"},"modified":"2026-05-01T08:09:21","modified_gmt":"2026-05-01T11:09:21","slug":"poliana-rocha-fala-sobre-desavenca-entre-filhas-de-leonardo","status":"publish","type":"post","link":"https:\/\/portalpopmais.com.br\/en\/poliana-rocha-fala-sobre-desavenca-entre-filhas-de-leonardo\/","title":{"rendered":"Poliana Rocha fala sobre desaven\u00e7a entre filhas de Leonardo"},"content":{"rendered":"\n<p>A influenciadora <strong>Poliana Rocha<\/strong>, de 49 anos, se pronunciou sobre a rela\u00e7\u00e3o entre as filhas de seu marido, o cantor Leonardo, de 62. O tema veio \u00e0 tona ap\u00f3s questionamentos de seguidores nas redes sociais, depois que J\u00e9ssica Beatriz Costa revelou estar afastada da irm\u00e3, Monyque Isabella da Costa.<\/p>\n\n\n\n<p>Ao abrir uma caixinha de perguntas no Instagram, Poliana foi direta ao responder se a situa\u00e7\u00e3o familiar afetaria seu casamento. Para isso, ela compartilhou uma mensagem com a frase: \u201cDeus me livre do problema que n\u00e3o \u00e9 meu\u201d, e refor\u00e7ou: \u201cN\u00e3o [afeta meu casamento]!!!\u201d.<\/p>\n\n\n<div class=\"wp-block-image\">\n<figure class=\"aligncenter size-full\"><img loading=\"lazy\" decoding=\"async\" width=\"1000\" height=\"1799\" src=\"https:\/\/portalpopmais.com.br\/wp-content\/uploads\/2026\/05\/image-1.png\" alt=\"image\" class=\"wp-image-298914\" title=\"\" srcset=\"https:\/\/portalpopmais.com.br\/wp-content\/uploads\/2026\/05\/image-1.png 1000w, https:\/\/portalpopmais.com.br\/wp-content\/uploads\/2026\/05\/image-1-768x1382.png 768w, https:\/\/portalpopmais.com.br\/wp-content\/uploads\/2026\/05\/image-1-854x1536.png 854w, https:\/\/portalpopmais.com.br\/wp-content\/uploads\/2026\/05\/image-1-7x12.png 7w\" sizes=\"auto, (max-width: 1000px) 100vw, 1000px\" \/><figcaption class=\"wp-element-caption\">Post de Poliana Rocha \u2014 Foto: Reprodu\u00e7\u00e3o\/Instagram<\/figcaption><\/figure>\n<\/div>\n\n\n<h3 class=\"wp-block-heading\">O que rolou?<\/h3>\n\n\n\n<p>A repercuss\u00e3o come\u00e7ou ap\u00f3s declara\u00e7\u00f5es de J\u00e9ssica, que confirmou o distanciamento da irm\u00e3. Segundo ela, a mudan\u00e7a na rela\u00e7\u00e3o aconteceu de forma natural, sem conflitos diretos. A influenciadora destacou que, apesar da dist\u00e2ncia, n\u00e3o houve brigas e o sentimento entre as duas permanece. \u201cA culpa n\u00e3o \u00e9 dela, nem minha. A gente s\u00f3, sei l\u00e1, hoje em dia, n\u00e3o tem mais o mesmo relacionamento que tinha h\u00e1 alguns anos atr\u00e1s\u201d, explicou, acrescentando que ainda mant\u00e9m carinho pela irm\u00e3.<\/p>\n\n\n\n<p>O assunto ganhou ainda mais visibilidade por conta da proximidade de Monyque com Virginia Fonseca, ex-esposa de Z\u00e9 Felipe. Desde a separa\u00e7\u00e3o do casal, a agr\u00f4noma tem sido vista com frequ\u00eancia ao lado da influenciadora, inclusive em viagens internacionais.<\/p>\n\n\n<div class=\"wp-block-image\">\n<figure class=\"aligncenter size-full\"><img loading=\"lazy\" decoding=\"async\" width=\"1000\" height=\"581\" src=\"https:\/\/portalpopmais.com.br\/wp-content\/uploads\/2026\/05\/image-3.png\" alt=\"image\" class=\"wp-image-298916\" title=\"\" srcset=\"https:\/\/portalpopmais.com.br\/wp-content\/uploads\/2026\/05\/image-3.png 1000w, https:\/\/portalpopmais.com.br\/wp-content\/uploads\/2026\/05\/image-3-768x446.png 768w, https:\/\/portalpopmais.com.br\/wp-content\/uploads\/2026\/05\/image-3-18x10.png 18w\" sizes=\"auto, (max-width: 1000px) 100vw, 1000px\" \/><figcaption class=\"wp-element-caption\">J\u00e9ssica Beatriz Costa falou sobre reala\u00e7\u00e3o com a irm\u00e3 Monyque Isabella, amiga da Virginia Fonseca \u2014 Foto: Reprodu\u00e7\u00e3o\/Instagram<\/figcaption><\/figure>\n<\/div>\n\n\n<p>Monyque, por sua vez, optou por n\u00e3o comentar o caso publicamente at\u00e9 o momento.<\/p>\n\n\n\n<p>A fam\u00edlia de Leonardo \u00e9 conhecida por ser numerosa. O cantor \u00e9 pai de seis filhos, frutos de diferentes relacionamentos, incluindo nomes conhecidos do p\u00fablico como Pedro Leonardo, Matheus Vargas, Jo\u00e3o Guilherme e Z\u00e9 Felipe.<\/p>\n","protected":false},"excerpt":{"rendered":"<p>Influenciadora afirma que conflito familiar n\u00e3o interfere em sua rela\u00e7\u00e3o com o cantor<\/p>","protected":false},"author":1,"featured_media":246371,"comment_status":"closed","ping_status":"closed","sticky":false,"template":"","format":"standard","meta":{"footnotes":""},"categories":[173],"tags":[10132],"class_list":["post-298913","post","type-post","status-publish","format-standard","has-post-thumbnail","hentry","category-celebridades","tag-poliana-rocha"],"_links":{"self":[{"href":"https:\/\/portalpopmais.com.br\/en\/wp-json\/wp\/v2\/posts\/298913","targetHints":{"allow":["GET"]}}],"collection":[{"href":"https:\/\/portalpopmais.com.br\/en\/wp-json\/wp\/v2\/posts"}],"about":[{"href":"https:\/\/portalpopmais.com.br\/en\/wp-json\/wp\/v2\/types\/post"}],"author":[{"embeddable":true,"href":"https:\/\/portalpopmais.com.br\/en\/wp-json\/wp\/v2\/users\/1"}],"replies":[{"embeddable":true,"href":"https:\/\/portalpopmais.com.br\/en\/wp-json\/wp\/v2\/comments?post=298913"}],"version-history":[{"count":1,"href":"https:\/\/portalpopmais.com.br\/en\/wp-json\/wp\/v2\/posts\/298913\/revisions"}],"predecessor-version":[{"id":298917,"href":"https:\/\/portalpopmais.com.br\/en\/wp-json\/wp\/v2\/posts\/298913\/revisions\/298917"}],"wp:featuredmedia":[{"embeddable":true,"href":"https:\/\/portalpopmais.com.br\/en\/wp-json\/wp\/v2\/media\/246371"}],"wp:attachment":[{"href":"https:\/\/portalpopmais.com.br\/en\/wp-json\/wp\/v2\/media?parent=298913"}],"wp:term":[{"taxonomy":"category","embeddable":true,"href":"https:\/\/portalpopmais.com.br\/en\/wp-json\/wp\/v2\/categories?post=298913"},{"taxonomy":"post_tag","embeddable":true,"href":"https:\/\/portalpopmais.com.br\/en\/wp-json\/wp\/v2\/tags?post=298913"}],"curies":[{"name":"wp","href":"https:\/\/api.w.org\/{rel}","templated":true}]}}