{"id":298922,"date":"2026-05-01T08:20:14","date_gmt":"2026-05-01T11:20:14","guid":{"rendered":"https:\/\/portalpopmais.com.br\/?p=298922"},"modified":"2026-05-01T08:20:17","modified_gmt":"2026-05-01T11:20:17","slug":"ludmilla-lanca-viro-vira-virou-veja-letra","status":"publish","type":"post","link":"https:\/\/portalpopmais.com.br\/en\/ludmilla-lanca-viro-vira-virou-veja-letra\/","title":{"rendered":"Ludmilla lan\u00e7a &#8220;Viro Vira Virou&#8221;; veja letra"},"content":{"rendered":"<p>A cantora Ludmilla disponibilizou nesta quinta-feira (30) uma releitura da m\u00fasica \u201cViro Vira Virou\u201d, em colabora\u00e7\u00e3o com o Grupo Triii. A faixa chega \u00e0s plataformas digitais acompanhada de um v\u00eddeo em anima\u00e7\u00e3o, publicado no canal da artista no YouTube, o \u201cFervinho da Lud\u201d.<\/p>\n\n\n\n<p>O lan\u00e7amento tem um significado especial: a can\u00e7\u00e3o foi pensada como um presente para Zuri, filha da cantora, que completa um ano no pr\u00f3ximo dia 14 de maio. A ideia de lan\u00e7ar oficialmente a m\u00fasica surgiu ap\u00f3s Ludmilla compartilhar nas redes sociais um v\u00eddeo da filha dan\u00e7ando a faixa, o que gerou grande repercuss\u00e3o entre os f\u00e3s.<\/p>\n\n\n\n<p>\u201cA Zuri \u00e9 apaixonada por essa m\u00fasica e eu sempre cantei para ela em casa. Ent\u00e3o, decidi fazer essa vers\u00e3o colocando um pouquinho do meu funk, mas de um jeito bem doce. \u00c9 um presente de anivers\u00e1rio adiantado para o meu amor e uma forma de compartilhar com o p\u00fablico esse momento t\u00e3o nosso\u201d, explicou a artista.<\/p>\n\n\n\n<p>O Grupo Triii tamb\u00e9m celebrou a parceria e a repercuss\u00e3o recente da m\u00fasica nas redes sociais. \u201cEstamos muito felizes, vivendo um momento muito especial em que nossa m\u00fasica est\u00e1 chegando para mais pessoas! Ver toda essa viraliza\u00e7\u00e3o acontecer de forma espont\u00e2nea nas redes \u00e9 super gratificante. Foi uma grande alegria receber o convite da Ludmilla pra fazermos juntos uma nova vers\u00e3o da m\u00fasica da caneca e da chaleira! Adoramos o resultado, ficou super divertido!\u201d, destacou o grupo.<\/p>\n\n\n\n<p>Originalmente lan\u00e7ada h\u00e1 mais de uma d\u00e9cada, \u201cViro Vira Virou\u201d voltou a ganhar popularidade recentemente impulsionada por v\u00eddeos nas redes sociais. O Grupo Triii \u00e9 formado por Marina (voz e percuss\u00e3o), F\u00ea Stok (guitarra e voz) e Ed Encarna\u00e7\u00e3o (bateria, percuss\u00e3o e voz).<\/p>\n\n\n\n<figure class=\"wp-block-embed is-type-video is-provider-youtube wp-block-embed-youtube wp-embed-aspect-4-3 wp-has-aspect-ratio\"><div class=\"wp-block-embed__wrapper\">\n<iframe loading=\"lazy\" title=\"Viro Vira Virou\" width=\"880\" height=\"660\" src=\"https:\/\/www.youtube.com\/embed\/elh8H5sB_Yw?feature=oembed\" frameborder=\"0\" allow=\"accelerometer; autoplay; clipboard-write; encrypted-media; gyroscope; picture-in-picture; web-share\" referrerpolicy=\"strict-origin-when-cross-origin\" allowfullscreen><\/iframe>\n<\/div><\/figure>\n\n\n\n<h3 class=\"wp-block-heading\">Letra<\/h3>\n\n\n\n<p>Viro Vira Virou<br>Est\u00eav\u00e3o Marques<\/p>\n\n\n\n<p>E agora a gente vai se transformar em um monte de coisas muito malucas<br>Como por exemplo:<br>Em uma caneca<br>Uma chaleira<br>Uma colherinha<br>E um colher\u00e3o<\/p>\n\n\n\n<p>Um prato raso<br>Um prato fundo<br>Um garfinho<br>E um fac\u00e3o<\/p>\n\n\n\n<p>Em um saleiro<br>A\u00e7ucareiro<br>E uma panela<br>Que faz feij\u00e3o<\/p>\n\n\n\n<p>F\u00fa F\u00fa!<\/p>\n\n\n\n<p>\u00d4 \u00f4 \u00f4\u00f4\u00f4 \u00f4\u00f4<br>Viro, vira, virou<br>\u00d4 \u00f4 \u00f4\u00f4\u00f4 \u00f4\u00f4<br>Viro, vira, virou<\/p>\n\n\n\n<p>Viro uma caneca, uma chaleira<br>Uma colherinha e um colher\u00e3o<br>Um prato raso, um prato fundo<br>Viro um garfinho e um fac\u00e3o<\/p>\n\n\n\n<p>Viro um saleiro, a\u00e7ucareiro<br>E uma panela que faz feij\u00e3o<br>Fu fuuuu<\/p>\n\n\n\n<p>\u00d4 \u00f4 \u00f4\u00f4\u00f4 \u00f4\u00f4<br>Viro, vira, virou<br>\u00d4 \u00f4 \u00f4\u00f4\u00f4 \u00f4\u00f4<br>Viro, vira, virou<\/p>","protected":false},"excerpt":{"rendered":"<p>A cantora Ludmilla disponibilizou nesta quinta-feira (30) uma releitura da m\u00fasica \u201cViro Vira Virou\u201d, em colabora\u00e7\u00e3o com o Grupo Triii. A faixa chega \u00e0s plataformas digitais acompanhada de um v\u00eddeo em anima\u00e7\u00e3o, publicado no canal da artista no YouTube, o \u201cFervinho da Lud\u201d. O lan\u00e7amento tem um significado especial: a can\u00e7\u00e3o foi pensada como um [&hellip;]<\/p>\n","protected":false},"author":2,"featured_media":270597,"comment_status":"closed","ping_status":"closed","sticky":false,"template":"","format":"standard","meta":{"footnotes":""},"categories":[154],"tags":[338],"class_list":["post-298922","post","type-post","status-publish","format-standard","has-post-thumbnail","hentry","category-musica","tag-ludmilla"],"_links":{"self":[{"href":"https:\/\/portalpopmais.com.br\/en\/wp-json\/wp\/v2\/posts\/298922","targetHints":{"allow":["GET"]}}],"collection":[{"href":"https:\/\/portalpopmais.com.br\/en\/wp-json\/wp\/v2\/posts"}],"about":[{"href":"https:\/\/portalpopmais.com.br\/en\/wp-json\/wp\/v2\/types\/post"}],"author":[{"embeddable":true,"href":"https:\/\/portalpopmais.com.br\/en\/wp-json\/wp\/v2\/users\/2"}],"replies":[{"embeddable":true,"href":"https:\/\/portalpopmais.com.br\/en\/wp-json\/wp\/v2\/comments?post=298922"}],"version-history":[{"count":1,"href":"https:\/\/portalpopmais.com.br\/en\/wp-json\/wp\/v2\/posts\/298922\/revisions"}],"predecessor-version":[{"id":298923,"href":"https:\/\/portalpopmais.com.br\/en\/wp-json\/wp\/v2\/posts\/298922\/revisions\/298923"}],"wp:featuredmedia":[{"embeddable":true,"href":"https:\/\/portalpopmais.com.br\/en\/wp-json\/wp\/v2\/media\/270597"}],"wp:attachment":[{"href":"https:\/\/portalpopmais.com.br\/en\/wp-json\/wp\/v2\/media?parent=298922"}],"wp:term":[{"taxonomy":"category","embeddable":true,"href":"https:\/\/portalpopmais.com.br\/en\/wp-json\/wp\/v2\/categories?post=298922"},{"taxonomy":"post_tag","embeddable":true,"href":"https:\/\/portalpopmais.com.br\/en\/wp-json\/wp\/v2\/tags?post=298922"}],"curies":[{"name":"wp","href":"https:\/\/api.w.org\/{rel}","templated":true}]}}