{"id":298927,"date":"2026-05-01T11:58:10","date_gmt":"2026-05-01T14:58:10","guid":{"rendered":"https:\/\/portalpopmais.com.br\/?p=298927"},"modified":"2026-05-01T11:58:12","modified_gmt":"2026-05-01T14:58:12","slug":"pedro-novaes-ja-apareceu-nu-na-internet","status":"publish","type":"post","link":"https:\/\/portalpopmais.com.br\/en\/pedro-novaes-ja-apareceu-nu-na-internet\/","title":{"rendered":"Pedro Novaes j\u00e1 apareceu nu na internet"},"content":{"rendered":"<p>O ator Pedro Novaes voltou a chamar aten\u00e7\u00e3o nas redes sociais ap\u00f3s internautas resgatarem um registro antigo em que ele aparece sem roupa. O conte\u00fado voltou a circular recentemente e gerou grande repercuss\u00e3o entre f\u00e3s.<\/p>\n\n\n\n<p>Filho dos atores Marcello Novaes e Let\u00edcia Spiller, Pedro tem ganhado destaque na televis\u00e3o e consolidado seu nome entre os novos rostos da dramaturgia brasileira.<\/p>\n\n\n\n<p>O registro em quest\u00e3o, considerado inusitado por parte do p\u00fablico, n\u00e3o \u00e9 recente, mas voltou a viralizar com o aumento da visibilidade do ator. A repercuss\u00e3o se soma a outros momentos em que sua imagem j\u00e1 havia sido comentada na internet, seja por trabalhos na TV ou por publica\u00e7\u00f5es pessoais.<\/p>\n\n\n\n<p>Al\u00e9m da carreira como ator, Pedro Novaes tamb\u00e9m atua como m\u00fasico e modelo, construindo uma trajet\u00f3ria diversificada no meio art\u00edstico.<\/p>\n\n\n\n<p>Com a exposi\u00e7\u00e3o crescente, epis\u00f3dios antigos envolvendo o artista acabam reaparecendo nas redes, mostrando como a internet frequentemente resgata conte\u00fados do passado \u2014 especialmente quando o nome em quest\u00e3o est\u00e1 em evid\u00eancia.<\/p>\n\n\n<div class=\"wp-block-image\">\n<figure class=\"aligncenter size-full\"><img loading=\"lazy\" decoding=\"async\" width=\"1080\" height=\"1080\" src=\"https:\/\/portalpopmais.com.br\/wp-content\/uploads\/2026\/05\/image-4.png\" alt=\"image\" class=\"wp-image-298928\" title=\"\" srcset=\"https:\/\/portalpopmais.com.br\/wp-content\/uploads\/2026\/05\/image-4.png 1080w, https:\/\/portalpopmais.com.br\/wp-content\/uploads\/2026\/05\/image-4-150x150.png 150w, https:\/\/portalpopmais.com.br\/wp-content\/uploads\/2026\/05\/image-4-768x768.png 768w, https:\/\/portalpopmais.com.br\/wp-content\/uploads\/2026\/05\/image-4-12x12.png 12w, https:\/\/portalpopmais.com.br\/wp-content\/uploads\/2026\/05\/image-4-600x600.png 600w, https:\/\/portalpopmais.com.br\/wp-content\/uploads\/2026\/05\/image-4-100x100.png 100w\" sizes=\"auto, (max-width: 1080px) 100vw, 1080px\" \/><figcaption class=\"wp-element-caption\"><em>Diogo Novaes, Gui Fonseca, Pedro Novaes e Felipe (Foto: Reprodu\u00e7\u00e3o\/Instagram)<\/em><br><\/figcaption><\/figure>\n<\/div>\n\n\n<p>Al\u00e9m dissa imagem, o ator tamb\u00e9m j\u00e1 apareceu ao lado de Eduarda Vilar, em 2022. Veja:<\/p>\n\n\n<div class=\"wp-block-image\">\n<figure class=\"aligncenter size-full\"><img loading=\"lazy\" decoding=\"async\" width=\"620\" height=\"413\" src=\"https:\/\/portalpopmais.com.br\/wp-content\/uploads\/2026\/05\/image-5.png\" alt=\"image\" class=\"wp-image-298929\" title=\"\" srcset=\"https:\/\/portalpopmais.com.br\/wp-content\/uploads\/2026\/05\/image-5.png 620w, https:\/\/portalpopmais.com.br\/wp-content\/uploads\/2026\/05\/image-5-18x12.png 18w\" sizes=\"auto, (max-width: 620px) 100vw, 620px\" \/><figcaption class=\"wp-element-caption\">Pedro Novaes e Eduarda Vilar (Foto: Divulga\u00e7\u00e3o\/ Mari Patriota @pprovador)<br><\/figcaption><\/figure>\n<\/div>\n\n\n<p>E tamb\u00e9m em fotos virais da X\/Twitter. <a href=\"https:\/\/x.com\/almeidalexandre\/status\/2035178209247920523\">Veja aqui.<\/a><\/p>","protected":false},"excerpt":{"rendered":"<p>O ator Pedro Novaes voltou a chamar aten\u00e7\u00e3o nas redes sociais ap\u00f3s internautas resgatarem um registro antigo em que ele aparece sem roupa. O conte\u00fado voltou a circular recentemente e gerou grande repercuss\u00e3o entre f\u00e3s. Filho dos atores Marcello Novaes e Let\u00edcia Spiller, Pedro tem ganhado destaque na televis\u00e3o e consolidado seu nome entre os [&hellip;]<\/p>\n","protected":false},"author":2,"featured_media":226637,"comment_status":"closed","ping_status":"closed","sticky":false,"template":"","format":"standard","meta":{"footnotes":""},"categories":[173],"tags":[18355],"class_list":["post-298927","post","type-post","status-publish","format-standard","has-post-thumbnail","hentry","category-celebridades","tag-pedro-novaes"],"_links":{"self":[{"href":"https:\/\/portalpopmais.com.br\/en\/wp-json\/wp\/v2\/posts\/298927","targetHints":{"allow":["GET"]}}],"collection":[{"href":"https:\/\/portalpopmais.com.br\/en\/wp-json\/wp\/v2\/posts"}],"about":[{"href":"https:\/\/portalpopmais.com.br\/en\/wp-json\/wp\/v2\/types\/post"}],"author":[{"embeddable":true,"href":"https:\/\/portalpopmais.com.br\/en\/wp-json\/wp\/v2\/users\/2"}],"replies":[{"embeddable":true,"href":"https:\/\/portalpopmais.com.br\/en\/wp-json\/wp\/v2\/comments?post=298927"}],"version-history":[{"count":1,"href":"https:\/\/portalpopmais.com.br\/en\/wp-json\/wp\/v2\/posts\/298927\/revisions"}],"predecessor-version":[{"id":298930,"href":"https:\/\/portalpopmais.com.br\/en\/wp-json\/wp\/v2\/posts\/298927\/revisions\/298930"}],"wp:featuredmedia":[{"embeddable":true,"href":"https:\/\/portalpopmais.com.br\/en\/wp-json\/wp\/v2\/media\/226637"}],"wp:attachment":[{"href":"https:\/\/portalpopmais.com.br\/en\/wp-json\/wp\/v2\/media?parent=298927"}],"wp:term":[{"taxonomy":"category","embeddable":true,"href":"https:\/\/portalpopmais.com.br\/en\/wp-json\/wp\/v2\/categories?post=298927"},{"taxonomy":"post_tag","embeddable":true,"href":"https:\/\/portalpopmais.com.br\/en\/wp-json\/wp\/v2\/tags?post=298927"}],"curies":[{"name":"wp","href":"https:\/\/api.w.org\/{rel}","templated":true}]}}