{"id":298992,"date":"2026-05-03T10:12:06","date_gmt":"2026-05-03T13:12:06","guid":{"rendered":"https:\/\/portalpopmais.com.br\/?p=298992"},"modified":"2026-05-03T10:12:09","modified_gmt":"2026-05-03T13:12:09","slug":"apos-infarto-apresentador-do-cidade-alerta-anuncia-aposentadoria","status":"publish","type":"post","link":"https:\/\/portalpopmais.com.br\/en\/apos-infarto-apresentador-do-cidade-alerta-anuncia-aposentadoria\/","title":{"rendered":"Ap\u00f3s infarto, apresentador do Cidade Alerta anuncia aposentadoria"},"content":{"rendered":"<p>O jornalista e apresentador Jonas Batista, de 74 anos, anunciou sua aposentadoria da televis\u00e3o ap\u00f3s mais de quatro d\u00e9cadas de carreira. Reconhecido como um dos principais nomes da comunica\u00e7\u00e3o na Para\u00edba, ele decidiu encerrar as atividades profissionais ap\u00f3s sofrer um infarto no fim de 2024.<\/p>\n\n\n\n<p>Com trajet\u00f3ria marcada por passagens pelo jornal impresso e pelo r\u00e1dio, Jonas ganhou destaque na TV ao integrar o programa Cidade Alerta Para\u00edba, onde atuou como rep\u00f3rter e apresentador. Mais recentemente, ele fazia parte da equipe da TV Correio.<\/p>\n\n\n\n<p>Desde o epis\u00f3dio de sa\u00fade, o comunicador estava afastado das fun\u00e7\u00f5es por recomenda\u00e7\u00e3o m\u00e9dica. Agora, a pausa se tornou definitiva, com foco na recupera\u00e7\u00e3o e na preserva\u00e7\u00e3o da sa\u00fade.<\/p>\n\n\n<div class=\"wp-block-image\">\n<figure class=\"aligncenter size-full\"><img loading=\"lazy\" decoding=\"async\" width=\"1200\" height=\"800\" src=\"https:\/\/portalpopmais.com.br\/wp-content\/uploads\/2026\/05\/image-8.png\" alt=\"image\" class=\"wp-image-298994\" title=\"\" srcset=\"https:\/\/portalpopmais.com.br\/wp-content\/uploads\/2026\/05\/image-8.png 1200w, https:\/\/portalpopmais.com.br\/wp-content\/uploads\/2026\/05\/image-8-768x512.png 768w, https:\/\/portalpopmais.com.br\/wp-content\/uploads\/2026\/05\/image-8-18x12.png 18w\" sizes=\"auto, (max-width: 1200px) 100vw, 1200px\" \/><figcaption class=\"wp-element-caption\">O apresentador Jonas Batista &#8211; Foto: Reprodu\u00e7\u00e3o<\/figcaption><\/figure>\n<\/div>\n\n\n<p>O infarto ocorreu no final de 2024, quando Jonas precisou ser internado com urg\u00eancia. Durante o atendimento, ele passou por procedimentos como angioplastia e cateterismo. Em entrevista ao jornalista Victor Freitas, o apresentador revelou que a decis\u00e3o de deixar a TV partiu de orienta\u00e7\u00e3o m\u00e9dica.<\/p>\n\n\n\n<p>Segundo ele, o retorno \u00e0s atividades poderia representar riscos. Jonas afirmou que precisa evitar desgaste f\u00edsico e emocional, destacando que o estresse poderia comprometer ainda mais sua sa\u00fade. Apesar do desejo de continuar trabalhando, reconheceu a necessidade de priorizar a qualidade de vida.<\/p>\n\n\n\n<p>A aposentadoria marca o fim de um ciclo importante na televis\u00e3o paraibana, encerrando uma carreira de mais de 44 anos dedicada \u00e0 informa\u00e7\u00e3o e ao jornalismo.<\/p>","protected":false},"excerpt":{"rendered":"<p>O jornalista e apresentador Jonas Batista, de 74 anos, anunciou sua aposentadoria da televis\u00e3o ap\u00f3s mais de quatro d\u00e9cadas de carreira. Reconhecido como um dos principais nomes da comunica\u00e7\u00e3o na Para\u00edba, ele decidiu encerrar as atividades profissionais ap\u00f3s sofrer um infarto no fim de 2024. Com trajet\u00f3ria marcada por passagens pelo jornal impresso e pelo [&hellip;]<\/p>\n","protected":false},"author":2,"featured_media":298993,"comment_status":"closed","ping_status":"closed","sticky":false,"template":"","format":"standard","meta":{"footnotes":""},"categories":[181],"tags":[8653,882],"class_list":["post-298992","post","type-post","status-publish","format-standard","has-post-thumbnail","hentry","category-televisao","tag-cidade-alerta","tag-record"],"_links":{"self":[{"href":"https:\/\/portalpopmais.com.br\/en\/wp-json\/wp\/v2\/posts\/298992","targetHints":{"allow":["GET"]}}],"collection":[{"href":"https:\/\/portalpopmais.com.br\/en\/wp-json\/wp\/v2\/posts"}],"about":[{"href":"https:\/\/portalpopmais.com.br\/en\/wp-json\/wp\/v2\/types\/post"}],"author":[{"embeddable":true,"href":"https:\/\/portalpopmais.com.br\/en\/wp-json\/wp\/v2\/users\/2"}],"replies":[{"embeddable":true,"href":"https:\/\/portalpopmais.com.br\/en\/wp-json\/wp\/v2\/comments?post=298992"}],"version-history":[{"count":1,"href":"https:\/\/portalpopmais.com.br\/en\/wp-json\/wp\/v2\/posts\/298992\/revisions"}],"predecessor-version":[{"id":298995,"href":"https:\/\/portalpopmais.com.br\/en\/wp-json\/wp\/v2\/posts\/298992\/revisions\/298995"}],"wp:featuredmedia":[{"embeddable":true,"href":"https:\/\/portalpopmais.com.br\/en\/wp-json\/wp\/v2\/media\/298993"}],"wp:attachment":[{"href":"https:\/\/portalpopmais.com.br\/en\/wp-json\/wp\/v2\/media?parent=298992"}],"wp:term":[{"taxonomy":"category","embeddable":true,"href":"https:\/\/portalpopmais.com.br\/en\/wp-json\/wp\/v2\/categories?post=298992"},{"taxonomy":"post_tag","embeddable":true,"href":"https:\/\/portalpopmais.com.br\/en\/wp-json\/wp\/v2\/tags?post=298992"}],"curies":[{"name":"wp","href":"https:\/\/api.w.org\/{rel}","templated":true}]}}