{"id":301957,"date":"2026-06-25T12:27:10","date_gmt":"2026-06-25T15:27:10","guid":{"rendered":"https:\/\/portalpopmais.com.br\/?p=301957"},"modified":"2026-06-25T12:27:12","modified_gmt":"2026-06-25T15:27:12","slug":"oruam-tuberculose-grave","status":"publish","type":"post","link":"https:\/\/portalpopmais.com.br\/en\/oruam-tuberculose-grave\/","title":{"rendered":"Defesa afirma que Oruam enfrenta quadro grave de tuberculose"},"content":{"rendered":"<p class=\"wp-block-paragraph\">A defesa do rapper Oruam voltou a recorrer \u00e0 Justi\u00e7a para tentar reverter a pris\u00e3o preventiva do artista. Segundo os advogados, Mauro Davi dos Santos Nepomuceno estaria enfrentando um quadro de sa\u00fade delicado, que exige acompanhamento m\u00e9dico imediato e especializado.<\/p>\n\n\n\n<p class=\"wp-block-paragraph\">De acordo com documentos apresentados no processo, o cantor foi diagnosticado com tuberculose pulmonar. Os exames tamb\u00e9m apontariam altera\u00e7\u00f5es nos pulm\u00f5es, crises recorrentes de tosse e perda significativa de peso nas \u00faltimas semanas.<\/p>\n\n\n\n<p class=\"wp-block-paragraph\">Ainda conforme a defesa, o estado cl\u00ednico teria evolu\u00eddo de forma preocupante, resultando tamb\u00e9m em um quadro de sarcopenia \u2014 condi\u00e7\u00e3o caracterizada pela redu\u00e7\u00e3o progressiva da massa muscular e da for\u00e7a f\u00edsica.<\/p>\n\n\n\n<p class=\"wp-block-paragraph\">Apesar dos argumentos apresentados, a Justi\u00e7a decidiu manter a pris\u00e3o preventiva. Na decis\u00e3o, a magistrada destacou que a medida permanece v\u00e1lida em raz\u00e3o do descumprimento de determina\u00e7\u00f5es judiciais anteriores.<\/p>\n\n\n\n<p class=\"wp-block-paragraph\">Por outro lado, foi determinada a realiza\u00e7\u00e3o de uma avalia\u00e7\u00e3o m\u00e9dica oficial assim que o artista se apresentar \u00e0s autoridades ou for localizado. O objetivo ser\u00e1 verificar as condi\u00e7\u00f5es reais de sa\u00fade do rapper e avaliar se o sistema prisional possui estrutura adequada para garantir o tratamento necess\u00e1rio.<\/p>\n\n\n\n<p class=\"wp-block-paragraph\">Atualmente, Oruam continua sendo considerado foragido. Ele responde a um processo por tentativa de homic\u00eddio contra dois policiais civis durante uma opera\u00e7\u00e3o realizada em julho do ano passado. Desde a expedi\u00e7\u00e3o do mandado de pris\u00e3o, no in\u00edcio de fevereiro, o artista ainda n\u00e3o se apresentou \u00e0s autoridades, acumulando mais de 130 dias sem cumprimento da ordem judicial.<\/p>","protected":false},"excerpt":{"rendered":"<p>Defesa afirma que estado de sa\u00fade do rapper exige atendimento m\u00e9dico urgente, mas Justi\u00e7a mant\u00e9m pris\u00e3o preventiva.<\/p>","protected":false},"author":2,"featured_media":244610,"comment_status":"closed","ping_status":"closed","sticky":false,"template":"","format":"standard","meta":{"footnotes":""},"categories":[173],"tags":[11331],"class_list":["post-301957","post","type-post","status-publish","format-standard","has-post-thumbnail","hentry","category-celebridades","tag-oruam"],"_links":{"self":[{"href":"https:\/\/portalpopmais.com.br\/en\/wp-json\/wp\/v2\/posts\/301957","targetHints":{"allow":["GET"]}}],"collection":[{"href":"https:\/\/portalpopmais.com.br\/en\/wp-json\/wp\/v2\/posts"}],"about":[{"href":"https:\/\/portalpopmais.com.br\/en\/wp-json\/wp\/v2\/types\/post"}],"author":[{"embeddable":true,"href":"https:\/\/portalpopmais.com.br\/en\/wp-json\/wp\/v2\/users\/2"}],"replies":[{"embeddable":true,"href":"https:\/\/portalpopmais.com.br\/en\/wp-json\/wp\/v2\/comments?post=301957"}],"version-history":[{"count":1,"href":"https:\/\/portalpopmais.com.br\/en\/wp-json\/wp\/v2\/posts\/301957\/revisions"}],"predecessor-version":[{"id":301958,"href":"https:\/\/portalpopmais.com.br\/en\/wp-json\/wp\/v2\/posts\/301957\/revisions\/301958"}],"wp:featuredmedia":[{"embeddable":true,"href":"https:\/\/portalpopmais.com.br\/en\/wp-json\/wp\/v2\/media\/244610"}],"wp:attachment":[{"href":"https:\/\/portalpopmais.com.br\/en\/wp-json\/wp\/v2\/media?parent=301957"}],"wp:term":[{"taxonomy":"category","embeddable":true,"href":"https:\/\/portalpopmais.com.br\/en\/wp-json\/wp\/v2\/categories?post=301957"},{"taxonomy":"post_tag","embeddable":true,"href":"https:\/\/portalpopmais.com.br\/en\/wp-json\/wp\/v2\/tags?post=301957"}],"curies":[{"name":"wp","href":"https:\/\/api.w.org\/{rel}","templated":true}]}}