{"id":306325,"date":"2026-08-31T09:35:50","date_gmt":"2026-08-31T12:35:50","guid":{"rendered":"https:\/\/portalpopmais.com.br\/?p=306325"},"modified":"2026-08-31T09:35:55","modified_gmt":"2026-08-31T12:35:55","slug":"quem-e-david-atacante-do-vasco-e-alvo-de-operacao-que-investiga-trafico-de-armas-e-drogas","status":"publish","type":"post","link":"https:\/\/portalpopmais.com.br\/en\/quem-e-david-atacante-do-vasco-e-alvo-de-operacao-que-investiga-trafico-de-armas-e-drogas\/","title":{"rendered":"Quem \u00e9 David? Atacante do Vasco \u00e9 alvo de opera\u00e7\u00e3o que investiga tr\u00e1fico de armas e drogas"},"content":{"rendered":"<p class=\"wp-block-paragraph\">O atacante David Corr\u00eaa, de 30 anos, jogador do Vasco da Gama, tornou-se alvo de uma opera\u00e7\u00e3o policial na manh\u00e3 desta segunda-feira. O atleta \u00e9 investigado por um suposto envolvimento com um grupo criminoso alvo da Opera\u00e7\u00e3o A Tropa, que apura crimes relacionados ao tr\u00e1fico de armas e drogas.<\/p>\n\n\n\n<p class=\"wp-block-paragraph\">Embora seja citado nas investiga\u00e7\u00f5es, n\u00e3o h\u00e1, at\u00e9 o momento, condena\u00e7\u00e3o contra o jogador, e o caso segue sob apura\u00e7\u00e3o das autoridades.<\/p>\n\n\n\n<h2 class=\"wp-block-heading\">Trajet\u00f3ria no futebol<\/h2>\n\n\n\n<p class=\"wp-block-paragraph\">Natural de Vit\u00f3ria, no Esp\u00edrito Santo, David Corr\u00eaa, conhecido pelos torcedores vasca\u00ednos como &#8220;DVD&#8221;, iniciou sua carreira profissional pelo Vit\u00f3ria, da Bahia, em 2015. Naquele ano, integrou o elenco que conquistou o acesso \u00e0 S\u00e9rie A do Campeonato Brasileiro. No entanto, foi apenas em 2017 que passou a atuar com regularidade como titular.<\/p>\n\n\n\n<p class=\"wp-block-paragraph\">Em 2018, foi contratado pelo Cruzeiro, clube onde permaneceu at\u00e9 2020. Durante sua passagem, esteve no elenco que viveu o in\u00e9dito rebaixamento da equipe \u00e0 S\u00e9rie B do Campeonato Brasileiro, embora n\u00e3o tenha participado da partida que decretou a queda, diante do Palmeiras.<\/p>\n\n\n\n<p class=\"wp-block-paragraph\">Na sequ\u00eancia da carreira, defendeu o Fortaleza entre 2020 e 2022, antes de ser negociado com o Internacional. Pelo Colorado, integrou o grupo que terminou o Campeonato Brasileiro de 2022 na segunda coloca\u00e7\u00e3o.<\/p>\n\n\n\n<p class=\"wp-block-paragraph\">Sem conseguir uma sequ\u00eancia de jogos em Porto Alegre, David foi emprestado ao S\u00e3o Paulo para a temporada de 2023. No Tricolor Paulista, tamb\u00e9m teve poucas oportunidades e retornou ao Internacional ao fim do v\u00ednculo.<\/p>\n\n\n\n<p class=\"wp-block-paragraph\">Em 2024, o atacante foi novamente emprestado, desta vez ao Vasco da Gama. Ap\u00f3s boas atua\u00e7\u00f5es, o clube carioca exerceu a op\u00e7\u00e3o de compra e adquiriu seus direitos econ\u00f4micos em 2025.<\/p>\n\n\n\n<h2 class=\"wp-block-heading\">T\u00edtulos e n\u00fameros<\/h2>\n\n\n\n<p class=\"wp-block-paragraph\">Ao longo da carreira, David conquistou dois t\u00edtulos de express\u00e3o nacional, ambos da Copa do Brasil. O primeiro foi em 2018, pelo Cruzeiro, e o segundo em 2023, defendendo o S\u00e3o Paulo.<\/p>\n\n\n\n<p class=\"wp-block-paragraph\">Pelo Vasco, o atacante soma 107 partidas disputadas, com 13 gols marcados e 10 assist\u00eancias, consolidando-se como uma das op\u00e7\u00f5es ofensivas da equipe nas \u00faltimas temporadas.<\/p>\n\n\n\n<h2 class=\"wp-block-heading\">Investiga\u00e7\u00e3o<\/h2>\n\n\n\n<p class=\"wp-block-paragraph\">O nome de David passou a integrar as investiga\u00e7\u00f5es da Opera\u00e7\u00e3o A Tropa, que apura a atua\u00e7\u00e3o de uma organiza\u00e7\u00e3o criminosa suspeita de envolvimento com tr\u00e1fico de armas e drogas. A opera\u00e7\u00e3o foi deflagrada na manh\u00e3 desta segunda-feira, e o jogador foi alvo de buscas.<\/p>\n\n\n\n<p class=\"wp-block-paragraph\">At\u00e9 o momento, as autoridades n\u00e3o divulgaram detalhes sobre a participa\u00e7\u00e3o atribu\u00edda ao atleta, e a investiga\u00e7\u00e3o segue em andamento. A defesa de David ainda poder\u00e1 apresentar sua vers\u00e3o dos fatos, enquanto o caso permanece sob an\u00e1lise da Justi\u00e7a.<\/p>","protected":false},"excerpt":{"rendered":"<p>O atacante David Corr\u00eaa, de 30 anos, jogador do Vasco da Gama, tornou-se alvo de uma opera\u00e7\u00e3o policial na manh\u00e3 desta segunda-feira. O atleta \u00e9 investigado por um suposto envolvimento com um grupo criminoso alvo da Opera\u00e7\u00e3o A Tropa, que apura crimes relacionados ao tr\u00e1fico de armas e drogas. Embora seja citado nas investiga\u00e7\u00f5es, n\u00e3o [&hellip;]<\/p>\n","protected":false},"author":1,"featured_media":306326,"comment_status":"closed","ping_status":"closed","sticky":false,"template":"","format":"standard","meta":{"footnotes":""},"categories":[18685],"tags":[21896,18550],"class_list":["post-306325","post","type-post","status-publish","format-standard","has-post-thumbnail","hentry","category-esporte","tag-david","tag-destaque"],"_links":{"self":[{"href":"https:\/\/portalpopmais.com.br\/en\/wp-json\/wp\/v2\/posts\/306325","targetHints":{"allow":["GET"]}}],"collection":[{"href":"https:\/\/portalpopmais.com.br\/en\/wp-json\/wp\/v2\/posts"}],"about":[{"href":"https:\/\/portalpopmais.com.br\/en\/wp-json\/wp\/v2\/types\/post"}],"author":[{"embeddable":true,"href":"https:\/\/portalpopmais.com.br\/en\/wp-json\/wp\/v2\/users\/1"}],"replies":[{"embeddable":true,"href":"https:\/\/portalpopmais.com.br\/en\/wp-json\/wp\/v2\/comments?post=306325"}],"version-history":[{"count":1,"href":"https:\/\/portalpopmais.com.br\/en\/wp-json\/wp\/v2\/posts\/306325\/revisions"}],"predecessor-version":[{"id":306327,"href":"https:\/\/portalpopmais.com.br\/en\/wp-json\/wp\/v2\/posts\/306325\/revisions\/306327"}],"wp:featuredmedia":[{"embeddable":true,"href":"https:\/\/portalpopmais.com.br\/en\/wp-json\/wp\/v2\/media\/306326"}],"wp:attachment":[{"href":"https:\/\/portalpopmais.com.br\/en\/wp-json\/wp\/v2\/media?parent=306325"}],"wp:term":[{"taxonomy":"category","embeddable":true,"href":"https:\/\/portalpopmais.com.br\/en\/wp-json\/wp\/v2\/categories?post=306325"},{"taxonomy":"post_tag","embeddable":true,"href":"https:\/\/portalpopmais.com.br\/en\/wp-json\/wp\/v2\/tags?post=306325"}],"curies":[{"name":"wp","href":"https:\/\/api.w.org\/{rel}","templated":true}]}}