{"id":306339,"date":"2026-08-31T12:39:26","date_gmt":"2026-08-31T15:39:26","guid":{"rendered":"https:\/\/portalpopmais.com.br\/?p=306339"},"modified":"2026-08-31T12:39:31","modified_gmt":"2026-08-31T15:39:31","slug":"colin-hanks-wanda-sykes-e-julianne-hough-vao-apresentar-o-emmy-2026","status":"publish","type":"post","link":"https:\/\/portalpopmais.com.br\/en\/colin-hanks-wanda-sykes-e-julianne-hough-vao-apresentar-o-emmy-2026\/","title":{"rendered":"Colin Hanks, Wanda Sykes e Julianne Hough v\u00e3o apresentar o Emmy 2026"},"content":{"rendered":"<p class=\"wp-block-paragraph\">A <strong>Academia de Televis\u00e3o<\/strong> anunciou os primeiros apresentadores da <strong>78\u00aa edi\u00e7\u00e3o do Emmy Awards<\/strong>. Os atores <strong>Colin Hanks<\/strong> e <strong>Wanda Sykes<\/strong>, al\u00e9m da apresentadora <strong>Julianne Hough<\/strong>, estar\u00e3o \u00e0 frente da primeira noite da cerim\u00f4nia, dedicada \u00e0s categorias de <strong>Artes Criativas<\/strong>, marcada para o dia <strong>5 de setembro<\/strong>, no <strong>Peacock Theater<\/strong>, em Los Angeles.<\/p>\n\n\n\n<p class=\"wp-block-paragraph\">A abertura da premia\u00e7\u00e3o contar\u00e1 com produ\u00e7\u00e3o executiva de <strong>Bob Bain<\/strong> e da <strong>Bob Bain Productions<\/strong>. Segundo a Academia, a sele\u00e7\u00e3o re\u00fane artistas consagrados e novos talentos ligados a programas indicados ao Emmy e a produ\u00e7\u00f5es de grande audi\u00eancia na televis\u00e3o e no streaming.<\/p>\n\n\n\n<h2 class=\"wp-block-heading\">Lista de apresentadores re\u00fane atores, chefs e estrelas de realities<\/h2>\n\n\n\n<p class=\"wp-block-paragraph\">Al\u00e9m de Colin Hanks, Wanda Sykes e Julianne Hough, a primeira noite do Emmy 2026 ter\u00e1 participa\u00e7\u00f5es de nomes conhecidos do entretenimento, entre eles:<\/p>\n\n\n\n<ul class=\"wp-block-list\">\n<li>Nyesha Arrington (&#8220;Top Chef&#8221;);<\/li>\n\n\n\n<li>Brittany Broski (&#8220;Royal Court&#8221;);<\/li>\n\n\n\n<li>Johnny &#8220;Bananas&#8221; Devenanzio (&#8220;The Challenge&#8221;);<\/li>\n\n\n\n<li>Sean Evans (&#8220;Hot Ones&#8221;);<\/li>\n\n\n\n<li>R&#8217;Bonney Gabriel (&#8220;Project Runway&#8221;);<\/li>\n\n\n\n<li>Bill Glass (&#8220;Queenpins&#8221;);<\/li>\n\n\n\n<li>Brianna LaPaglia (&#8220;Plan Bri Uncut&#8221;);<\/li>\n\n\n\n<li>Ariana Madix (&#8220;Love Island USA&#8221;);<\/li>\n\n\n\n<li>Heather McMahan (&#8220;Absolutely Not&#8221;);<\/li>\n\n\n\n<li>Julie Chen Moonves (&#8220;Big Brother&#8221;);<\/li>\n\n\n\n<li>Kareem Rahma (&#8220;SubwayTakes&#8221;);<\/li>\n\n\n\n<li>Lisa Rinna (&#8220;The Traitors&#8221;);<\/li>\n\n\n\n<li>Stassi Schroeder (&#8220;House of Stassi&#8221;);<\/li>\n\n\n\n<li>Chris &#8220;CT&#8221; Tamburello (&#8220;Hunting Games&#8221;);<\/li>\n\n\n\n<li>Jet Tila (&#8220;Chef Grudge Match&#8221;);<\/li>\n\n\n\n<li>Whitney Way Thore (&#8220;My Big Fat Fabulous Life&#8221;);<\/li>\n\n\n\n<li>West Wilson (&#8220;Summer House&#8221;).<\/li>\n<\/ul>\n\n\n\n<p class=\"wp-block-paragraph\">De acordo com a Academia de Televis\u00e3o, o grupo foi escolhido para representar diferentes formatos e g\u00eaneros da televis\u00e3o, incluindo s\u00e9ries, realities, programas culin\u00e1rios e produ\u00e7\u00f5es de streaming.<\/p>\n\n\n\n<h2 class=\"wp-block-heading\">Emmy 2026 ser\u00e1 dividido em tr\u00eas noites<\/h2>\n\n\n\n<p class=\"wp-block-paragraph\">A 78\u00aa edi\u00e7\u00e3o do Emmy Awards ter\u00e1 uma programa\u00e7\u00e3o distribu\u00edda em <strong>tr\u00eas datas: 5, 6 e 14 de setembro<\/strong>.<\/p>\n\n\n\n<p class=\"wp-block-paragraph\">As cerim\u00f4nias dos dias <strong>5 e 6 de setembro<\/strong> ser\u00e3o dedicadas \u00e0s categorias de <strong>Artes Criativas<\/strong>, que reconhecem \u00e1reas t\u00e9cnicas e de bastidores da ind\u00fastria televisiva. Posteriormente, os dois eventos ser\u00e3o reunidos em um especial intitulado <strong>&#8220;78th Emmy Awards (Creative Arts)&#8221;<\/strong>, com exibi\u00e7\u00e3o marcada para <strong>12 de setembro<\/strong> no canal <strong>FXX<\/strong>. O programa tamb\u00e9m ficar\u00e1 dispon\u00edvel no <strong>Hulu<\/strong> no dia seguinte.<\/p>\n\n\n\n<h2 class=\"wp-block-heading\">Mariska Hargitay comandar\u00e1 cerim\u00f4nia principal<\/h2>\n\n\n\n<p class=\"wp-block-paragraph\">A cerim\u00f4nia principal do <strong>Emmy 2026<\/strong> acontece em <strong>14 de setembro<\/strong> e ser\u00e1 apresentada pela atriz <strong>Mariska Hargitay<\/strong>, vencedora do pr\u00eamio e conhecida por seu trabalho em <em>Law &amp; Order: SVU<\/em>.<\/p>\n\n\n\n<p class=\"wp-block-paragraph\">O evento ser\u00e1 transmitido ao vivo pela <strong>NBC<\/strong>, diretamente do <strong>Peacock Theater<\/strong>, no complexo LA LIVE, em Los Angeles. A premia\u00e7\u00e3o tamb\u00e9m poder\u00e1 ser acompanhada ao vivo e sob demanda pela plataforma <strong>Peacock<\/strong>.<\/p>\n\n\n\n<p class=\"wp-block-paragraph\">Considerado a principal premia\u00e7\u00e3o da televis\u00e3o norte-americana, o Emmy reconhece anualmente os destaques da ind\u00fastria em categorias que abrangem atua\u00e7\u00e3o, produ\u00e7\u00e3o, dire\u00e7\u00e3o, roteiro e aspectos t\u00e9cnicos das produ\u00e7\u00f5es exibidas na TV e no streaming.<\/p>","protected":false},"excerpt":{"rendered":"<p>Academia de Televis\u00e3o anuncia equipe de apresentadores das categorias de Artes Criativas; premia\u00e7\u00e3o ser\u00e1 realizada em tr\u00eas noites, em Los Angeles.<\/p>","protected":false},"author":2,"featured_media":306340,"comment_status":"closed","ping_status":"closed","sticky":false,"template":"","format":"standard","meta":{"footnotes":""},"categories":[174],"tags":[21898],"class_list":["post-306339","post","type-post","status-publish","format-standard","has-post-thumbnail","hentry","category-filmes-series","tag-emmy-awards-2026"],"_links":{"self":[{"href":"https:\/\/portalpopmais.com.br\/en\/wp-json\/wp\/v2\/posts\/306339","targetHints":{"allow":["GET"]}}],"collection":[{"href":"https:\/\/portalpopmais.com.br\/en\/wp-json\/wp\/v2\/posts"}],"about":[{"href":"https:\/\/portalpopmais.com.br\/en\/wp-json\/wp\/v2\/types\/post"}],"author":[{"embeddable":true,"href":"https:\/\/portalpopmais.com.br\/en\/wp-json\/wp\/v2\/users\/2"}],"replies":[{"embeddable":true,"href":"https:\/\/portalpopmais.com.br\/en\/wp-json\/wp\/v2\/comments?post=306339"}],"version-history":[{"count":1,"href":"https:\/\/portalpopmais.com.br\/en\/wp-json\/wp\/v2\/posts\/306339\/revisions"}],"predecessor-version":[{"id":306341,"href":"https:\/\/portalpopmais.com.br\/en\/wp-json\/wp\/v2\/posts\/306339\/revisions\/306341"}],"wp:featuredmedia":[{"embeddable":true,"href":"https:\/\/portalpopmais.com.br\/en\/wp-json\/wp\/v2\/media\/306340"}],"wp:attachment":[{"href":"https:\/\/portalpopmais.com.br\/en\/wp-json\/wp\/v2\/media?parent=306339"}],"wp:term":[{"taxonomy":"category","embeddable":true,"href":"https:\/\/portalpopmais.com.br\/en\/wp-json\/wp\/v2\/categories?post=306339"},{"taxonomy":"post_tag","embeddable":true,"href":"https:\/\/portalpopmais.com.br\/en\/wp-json\/wp\/v2\/tags?post=306339"}],"curies":[{"name":"wp","href":"https:\/\/api.w.org\/{rel}","templated":true}]}}