{"id":306342,"date":"2026-08-31T12:54:53","date_gmt":"2026-08-31T15:54:53","guid":{"rendered":"https:\/\/portalpopmais.com.br\/?p=306342"},"modified":"2026-08-31T12:54:55","modified_gmt":"2026-08-31T15:54:55","slug":"diogo-defante-surpreende-internautas-ao-surgir-musculoso-veja-o-antes-e-depois","status":"publish","type":"post","link":"https:\/\/portalpopmais.com.br\/en\/diogo-defante-surpreende-internautas-ao-surgir-musculoso-veja-o-antes-e-depois\/","title":{"rendered":"Diogo Defante surpreende internautas ao surgir musculoso; veja o antes e depois"},"content":{"rendered":"<p class=\"wp-block-paragraph\">O humorista e influenciador <strong>Diogo Defante<\/strong>, de 35 anos, compartilhou nesta segunda-feira (31) um relato sobre sua transforma\u00e7\u00e3o f\u00edsica ap\u00f3s passar por um tratamento para a retirada de um tumor benigno na p\u00e1lpebra. Em uma publica\u00e7\u00e3o nas redes sociais, ele mostrou fotos de antes e depois do processo de recupera\u00e7\u00e3o e falou sobre os desafios enfrentados durante o per\u00edodo.<\/p>\n\n\n\n<p class=\"wp-block-paragraph\">Segundo Defante, o uso de medicamentos \u00e0 base de corticoide durante o tratamento provocou mudan\u00e7as significativas em seu corpo, al\u00e9m de afetar seu bem-estar emocional.<\/p>\n\n\n\n<h2 class=\"wp-block-heading\">Diogo Defante relata impacto do tratamento<\/h2>\n\n\n\n<p class=\"wp-block-paragraph\">Na publica\u00e7\u00e3o, o humorista explicou que precisou utilizar corticoides durante o tratamento de um <strong>hemangioma capilar<\/strong>, um tumor benigno formado pelo crescimento anormal de pequenos vasos sangu\u00edneos na regi\u00e3o da p\u00e1lpebra.<\/p>\n\n\n\n<p class=\"wp-block-paragraph\">Defante contou que o uso da medica\u00e7\u00e3o resultou em ganho de peso e deixou seu corpo debilitado, situa\u00e7\u00e3o que coincidiu com uma intensa agenda profissional.<\/p>\n\n\n\n<blockquote class=\"wp-block-quote is-layout-flow wp-block-quote-is-layout-flow\">\n<p class=\"wp-block-paragraph\">&#8220;Depois de me entupir de corticoide para a remo\u00e7\u00e3o de um tumor na minha p\u00e1lpebra, quase entrei em um quadro de depress\u00e3o com o corpo completamente debilitado, tendo que cumprir v\u00e1rios contratos de trabalho&#8221;, escreveu.<\/p>\n<\/blockquote>\n\n\n\n<figure class=\"wp-block-image size-full\"><img loading=\"lazy\" decoding=\"async\" width=\"1000\" height=\"1308\" src=\"https:\/\/portalpopmais.com.br\/wp-content\/uploads\/2026\/08\/image-279.png\" alt=\"image\" class=\"wp-image-306343\" title=\"\" srcset=\"https:\/\/portalpopmais.com.br\/wp-content\/uploads\/2026\/08\/image-279.png 1000w, https:\/\/portalpopmais.com.br\/wp-content\/uploads\/2026\/08\/image-279-9x12.png 9w, https:\/\/portalpopmais.com.br\/wp-content\/uploads\/2026\/08\/image-279-768x1004.png 768w\" sizes=\"auto, (max-width: 1000px) 100vw, 1000px\" \/><figcaption class=\"wp-element-caption\">Antes e depois de Diogo Defante \u2014 Foto: Reprodu\u00e7\u00e3o\/Instagram<br><br><\/figcaption><\/figure>\n\n\n\n<h2 class=\"wp-block-heading\">Humorista diz que prefere manter leveza nas redes<\/h2>\n\n\n\n<p class=\"wp-block-paragraph\">O influenciador afirmou que raramente compartilha momentos dif\u00edceis com os seguidores, mas decidiu tornar p\u00fablica sua experi\u00eancia na esperan\u00e7a de inspirar outras pessoas que enfrentam desafios semelhantes.<\/p>\n\n\n\n<p class=\"wp-block-paragraph\">Segundo ele, cuidar da sa\u00fade f\u00edsica e mental \u00e9 fundamental para superar per\u00edodos de dificuldade.<\/p>\n\n\n\n<blockquote class=\"wp-block-quote is-layout-flow wp-block-quote-is-layout-flow\">\n<p class=\"wp-block-paragraph\">&#8220;Nunca deixo claro essas coisas aqui, porque prefiro deixar tudo leve vindo de mim para voc\u00eas, mas talvez isso sirva de inspira\u00e7\u00e3o para algu\u00e9m. N\u00e3o adianta ir atr\u00e1s dos nossos sonhos sem preparar o corpo e a mente para os dias ruins.&#8221;<\/p>\n<\/blockquote>\n\n\n\n<p class=\"wp-block-paragraph\">Defante tamb\u00e9m comemorou a recupera\u00e7\u00e3o e afirmou que voltou \u00e0 rotina de treinos com ainda mais motiva\u00e7\u00e3o.<\/p>\n\n\n\n<h2 class=\"wp-block-heading\">Recuperado, Defante se prepara para show no Rock in Rio<\/h2>\n\n\n\n<p class=\"wp-block-paragraph\">Na mesma publica\u00e7\u00e3o, o humorista revelou que est\u00e1 focado na prepara\u00e7\u00e3o para sua apresenta\u00e7\u00e3o no <strong>Rock in Rio<\/strong>, onde ser\u00e1 uma das atra\u00e7\u00f5es do <strong>Palco Supernova<\/strong> no dia <strong>4 de setembro<\/strong>.<\/p>\n\n\n\n<p class=\"wp-block-paragraph\">Animado com o retorno \u00e0s atividades, ele brincou com a nova fase:<\/p>\n\n\n\n<blockquote class=\"wp-block-quote is-layout-flow wp-block-quote-is-layout-flow\">\n<p class=\"wp-block-paragraph\">&#8220;Voltei com o dobro de vontade. Vai ter rock com o cardio em dia.&#8221;<\/p>\n<\/blockquote>\n\n\n\n<h2 class=\"wp-block-heading\">Seguidores elogiam recupera\u00e7\u00e3o<\/h2>\n\n\n\n<p class=\"wp-block-paragraph\">A publica\u00e7\u00e3o recebeu centenas de mensagens de apoio. Nos coment\u00e1rios, f\u00e3s e amigos destacaram a evolu\u00e7\u00e3o f\u00edsica de Defante e elogiaram a sinceridade do relato.<\/p>\n\n\n\n<p class=\"wp-block-paragraph\">Muitos internautas tamb\u00e9m afirmaram que a hist\u00f3ria do humorista pode servir de incentivo para pessoas que enfrentam problemas de sa\u00fade ou processos de recupera\u00e7\u00e3o, refor\u00e7ando a import\u00e2ncia de cuidar do corpo e da sa\u00fade mental durante momentos dif\u00edceis.<\/p>","protected":false},"excerpt":{"rendered":"<p>Humorista contou que ganhou peso durante tratamento com corticoides, enfrentou um per\u00edodo dif\u00edcil e retomou a rotina de exerc\u00edcios f\u00edsicos.<\/p>","protected":false},"author":2,"featured_media":301445,"comment_status":"closed","ping_status":"closed","sticky":false,"template":"","format":"standard","meta":{"footnotes":""},"categories":[173],"tags":[18550,13200],"class_list":["post-306342","post","type-post","status-publish","format-standard","has-post-thumbnail","hentry","category-celebridades","tag-destaque","tag-diogo-defante"],"_links":{"self":[{"href":"https:\/\/portalpopmais.com.br\/en\/wp-json\/wp\/v2\/posts\/306342","targetHints":{"allow":["GET"]}}],"collection":[{"href":"https:\/\/portalpopmais.com.br\/en\/wp-json\/wp\/v2\/posts"}],"about":[{"href":"https:\/\/portalpopmais.com.br\/en\/wp-json\/wp\/v2\/types\/post"}],"author":[{"embeddable":true,"href":"https:\/\/portalpopmais.com.br\/en\/wp-json\/wp\/v2\/users\/2"}],"replies":[{"embeddable":true,"href":"https:\/\/portalpopmais.com.br\/en\/wp-json\/wp\/v2\/comments?post=306342"}],"version-history":[{"count":1,"href":"https:\/\/portalpopmais.com.br\/en\/wp-json\/wp\/v2\/posts\/306342\/revisions"}],"predecessor-version":[{"id":306344,"href":"https:\/\/portalpopmais.com.br\/en\/wp-json\/wp\/v2\/posts\/306342\/revisions\/306344"}],"wp:featuredmedia":[{"embeddable":true,"href":"https:\/\/portalpopmais.com.br\/en\/wp-json\/wp\/v2\/media\/301445"}],"wp:attachment":[{"href":"https:\/\/portalpopmais.com.br\/en\/wp-json\/wp\/v2\/media?parent=306342"}],"wp:term":[{"taxonomy":"category","embeddable":true,"href":"https:\/\/portalpopmais.com.br\/en\/wp-json\/wp\/v2\/categories?post=306342"},{"taxonomy":"post_tag","embeddable":true,"href":"https:\/\/portalpopmais.com.br\/en\/wp-json\/wp\/v2\/tags?post=306342"}],"curies":[{"name":"wp","href":"https:\/\/api.w.org\/{rel}","templated":true}]}}