{"id":306345,"date":"2026-08-31T13:24:29","date_gmt":"2026-08-31T16:24:29","guid":{"rendered":"https:\/\/portalpopmais.com.br\/?p=306345"},"modified":"2026-08-31T13:24:31","modified_gmt":"2026-08-31T16:24:31","slug":"lionel-messi-anuncia-aposentadoria-selecao","status":"publish","type":"post","link":"https:\/\/portalpopmais.com.br\/en\/lionel-messi-anuncia-aposentadoria-selecao\/","title":{"rendered":"Lionel Messi anuncia aposentadoria da Sele\u00e7\u00e3o Argentina"},"content":{"rendered":"<p class=\"wp-block-paragraph\">O atacante <strong>Lionel Messi<\/strong> anunciou nesta segunda-feira (31) sua aposentadoria da <strong>Sele\u00e7\u00e3o Argentina<\/strong>. Em uma publica\u00e7\u00e3o nas redes sociais, o camisa 10 confirmou que n\u00e3o voltar\u00e1 a defender a equipe nacional e afirmou que a decis\u00e3o foi tomada ap\u00f3s um longo per\u00edodo de reflex\u00e3o.<\/p>\n\n\n\n<p class=\"wp-block-paragraph\">Na mensagem, Messi disse que encerrar sua trajet\u00f3ria com a sele\u00e7\u00e3o foi uma escolha dif\u00edcil, mas necess\u00e1ria.<\/p>\n\n\n\n<blockquote class=\"wp-block-quote is-layout-flow wp-block-quote-is-layout-flow\">\n<p class=\"wp-block-paragraph\">&#8220;Foi uma decis\u00e3o que doeu e d\u00f3i na alma, mas entendo que \u00e9 o momento&#8221;, escreveu.<\/p>\n<\/blockquote>\n\n\n\n<h2 class=\"wp-block-heading\">Messi encerra ciclo hist\u00f3rico pela Argentina<\/h2>\n\n\n\n<p class=\"wp-block-paragraph\">A despedida marca o fim de uma trajet\u00f3ria de cerca de duas d\u00e9cadas com a sele\u00e7\u00e3o principal da Argentina, per\u00edodo em que o craque se consolidou como um dos maiores jogadores da hist\u00f3ria do futebol.<\/p>\n\n\n\n<p class=\"wp-block-paragraph\">Durante sua carreira com a equipe nacional, Messi conquistou t\u00edtulos importantes, entre eles a <strong>Copa Am\u00e9rica de 2021 e 2024<\/strong>, a <strong>Copa do Mundo de 2022<\/strong> e a <strong>Final\u00edssima de 2022<\/strong>. O argentino tamb\u00e9m acumulou conquistas nas categorias de base antes de estrear pela sele\u00e7\u00e3o principal.<\/p>\n\n\n\n<p class=\"wp-block-paragraph\">Ao longo da publica\u00e7\u00e3o, o atacante destacou o orgulho por ter vestido a camisa da Argentina e agradeceu aos companheiros, treinadores, dirigentes, familiares e torcedores que fizeram parte de sua trajet\u00f3ria.<\/p>\n\n\n\n<h2 class=\"wp-block-heading\">&#8220;J\u00e1 n\u00e3o tenho mais para dar&#8221;<\/h2>\n\n\n\n<p class=\"wp-block-paragraph\">No comunicado, Messi afirmou que acredita ser o momento de dar espa\u00e7o a novos talentos da sele\u00e7\u00e3o argentina.<\/p>\n\n\n\n<blockquote class=\"wp-block-quote is-layout-flow wp-block-quote-is-layout-flow\">\n<p class=\"wp-block-paragraph\">&#8220;Me esvaziei, j\u00e1 n\u00e3o tenho mais para dar e, al\u00e9m disso, v\u00eam grandes jogadores atr\u00e1s que merecem estar.&#8221;<\/p>\n<\/blockquote>\n\n\n\n<p class=\"wp-block-paragraph\">Segundo o jogador, a renova\u00e7\u00e3o faz parte do ciclo natural da equipe e permitir\u00e1 que uma nova gera\u00e7\u00e3o assuma protagonismo nos pr\u00f3ximos anos.<\/p>\n\n\n\n<h2 class=\"wp-block-heading\">Mensagem foi escrita ap\u00f3s a final e refor\u00e7ada por momento pessoal<\/h2>\n\n\n\n<p class=\"wp-block-paragraph\">Messi revelou que o texto de despedida foi escrito originalmente no dia <strong>21 de julho<\/strong>, dois dias ap\u00f3s a \u00faltima final disputada pela Argentina.<\/p>\n\n\n\n<p class=\"wp-block-paragraph\">O camisa 10 tamb\u00e9m contou que a morte de seu pai refor\u00e7ou a convic\u00e7\u00e3o de que era o momento de encerrar sua hist\u00f3ria com a sele\u00e7\u00e3o.<\/p>\n\n\n\n<blockquote class=\"wp-block-quote is-layout-flow wp-block-quote-is-layout-flow\">\n<p class=\"wp-block-paragraph\">&#8220;Hoje, depois do que aconteceu com meu pai, estou mais convencido do que antes.&#8221;<\/p>\n<\/blockquote>\n\n\n\n<h2 class=\"wp-block-heading\">Legado hist\u00f3rico<\/h2>\n\n\n\n<p class=\"wp-block-paragraph\">Considerado um dos maiores atletas da hist\u00f3ria do esporte, Lionel Messi deixa a Sele\u00e7\u00e3o Argentina como um dos jogadores mais vitoriosos e importantes do pa\u00eds.<\/p>\n\n\n\n<p class=\"wp-block-paragraph\">Ao encerrar a mensagem, o craque agradeceu pela trajet\u00f3ria constru\u00edda com a camisa albiceleste e fez uma declara\u00e7\u00e3o ao pa\u00eds.<\/p>\n\n\n\n<blockquote class=\"wp-block-quote is-layout-flow wp-block-quote-is-layout-flow\">\n<p class=\"wp-block-paragraph\">&#8220;Obrigado, Deus, por me fazer argentino. Vamos, Argentina!&#8221;<\/p>\n<\/blockquote>","protected":false},"excerpt":{"rendered":"<p>Camisa 10 confirma despedida da equipe nacional em publica\u00e7\u00e3o nas redes sociais e afirma que chegou o momento de abrir espa\u00e7o para uma nova gera\u00e7\u00e3o de jogadores.<\/p>","protected":false},"author":1,"featured_media":155090,"comment_status":"closed","ping_status":"closed","sticky":false,"template":"","format":"standard","meta":{"footnotes":""},"categories":[18685],"tags":[9022],"class_list":["post-306345","post","type-post","status-publish","format-standard","has-post-thumbnail","hentry","category-esporte","tag-lionel-messi"],"_links":{"self":[{"href":"https:\/\/portalpopmais.com.br\/en\/wp-json\/wp\/v2\/posts\/306345","targetHints":{"allow":["GET"]}}],"collection":[{"href":"https:\/\/portalpopmais.com.br\/en\/wp-json\/wp\/v2\/posts"}],"about":[{"href":"https:\/\/portalpopmais.com.br\/en\/wp-json\/wp\/v2\/types\/post"}],"author":[{"embeddable":true,"href":"https:\/\/portalpopmais.com.br\/en\/wp-json\/wp\/v2\/users\/1"}],"replies":[{"embeddable":true,"href":"https:\/\/portalpopmais.com.br\/en\/wp-json\/wp\/v2\/comments?post=306345"}],"version-history":[{"count":1,"href":"https:\/\/portalpopmais.com.br\/en\/wp-json\/wp\/v2\/posts\/306345\/revisions"}],"predecessor-version":[{"id":306349,"href":"https:\/\/portalpopmais.com.br\/en\/wp-json\/wp\/v2\/posts\/306345\/revisions\/306349"}],"wp:featuredmedia":[{"embeddable":true,"href":"https:\/\/portalpopmais.com.br\/en\/wp-json\/wp\/v2\/media\/155090"}],"wp:attachment":[{"href":"https:\/\/portalpopmais.com.br\/en\/wp-json\/wp\/v2\/media?parent=306345"}],"wp:term":[{"taxonomy":"category","embeddable":true,"href":"https:\/\/portalpopmais.com.br\/en\/wp-json\/wp\/v2\/categories?post=306345"},{"taxonomy":"post_tag","embeddable":true,"href":"https:\/\/portalpopmais.com.br\/en\/wp-json\/wp\/v2\/tags?post=306345"}],"curies":[{"name":"wp","href":"https:\/\/api.w.org\/{rel}","templated":true}]}}