{"id":306356,"date":"2026-08-31T14:13:49","date_gmt":"2026-08-31T17:13:49","guid":{"rendered":"https:\/\/portalpopmais.com.br\/?p=306356"},"modified":"2026-08-31T14:14:26","modified_gmt":"2026-08-31T17:14:26","slug":"chrigor-revela-que-foi-intubado-duas-vezes-e-diz-que-pessoas-chegaram-a-procurar-sua-mae-para-saber-sobre-velorio","status":"publish","type":"post","link":"https:\/\/portalpopmais.com.br\/en\/chrigor-revela-que-foi-intubado-duas-vezes-e-diz-que-pessoas-chegaram-a-procurar-sua-mae-para-saber-sobre-velorio\/","title":{"rendered":"Chrigor revela que foi intubado duas vezes e diz que pessoas chegaram a procurar sua m\u00e3e para saber sobre vel\u00f3rio"},"content":{"rendered":"<p class=\"wp-block-paragraph\">O cantor Chrigor, de 52 anos, abriu o cora\u00e7\u00e3o ao relembrar um dos momentos mais delicados de sua vida. Em entrevista ao apresentador Leandro Brito, no programa <em>Hoje Tem Samba<\/em>, o artista contou que enfrentou graves problemas de sa\u00fade, chegou a ser intubado duas vezes e viu seu estado cl\u00ednico gerar preocupa\u00e7\u00e3o entre familiares, amigos e f\u00e3s.<\/p>\n\n\n\n<p class=\"wp-block-paragraph\">Segundo o ex-vocalista do Exaltasamba, a situa\u00e7\u00e3o foi t\u00e3o s\u00e9ria que pessoas chegaram a entrar em contato com sua m\u00e3e para perguntar onde aconteceria seu vel\u00f3rio. Bem-humorado, ele relembrou que at\u00e9 memes circulavam nas redes sociais sugerindo sua morte.<\/p>\n\n\n\n<p class=\"wp-block-paragraph\">&#8220;J\u00e1 tinha gente ligando para a minha m\u00e3e para saber onde era o vel\u00f3rio. J\u00e1 tinha meme em que eu aparecia com a asinha do lado. Mas n\u00e3o foi dessa vez&#8221;, contou.<\/p>\n\n\n\n<h3 class=\"wp-block-heading\">Tratamento foi adiado por falta de cuidados<\/h3>\n\n\n\n<p class=\"wp-block-paragraph\">Chrigor explicou que iniciou um tratamento h\u00e1 cerca de cinco anos para recuperar a voz e corrigir outros problemas de sa\u00fade. Entre as recomenda\u00e7\u00f5es m\u00e9dicas estavam a retirada das am\u00edgdalas, uma raspagem nas cordas vocais e a corre\u00e7\u00e3o do desvio de septo, procedimentos que deveriam ser realizados em uma \u00fanica cirurgia.<\/p>\n\n\n\n<p class=\"wp-block-paragraph\">No entanto, o cantor admitiu que n\u00e3o seguiu corretamente as orienta\u00e7\u00f5es m\u00e9dicas antes da opera\u00e7\u00e3o. De acordo com ele, era necess\u00e1rio controlar condi\u00e7\u00f5es como press\u00e3o arterial e diabetes, mas acabava interrompendo os cuidados para manter h\u00e1bitos pouco saud\u00e1veis, incluindo o consumo de bebidas alco\u00f3licas.<\/p>\n\n\n\n<p class=\"wp-block-paragraph\">&#8220;Eu me cuidava uma semana, a\u00ed era convidado para um churrasco e continuava aquela festa por v\u00e1rios dias. Isso acabava atrapalhando todo o tratamento&#8221;, revelou.<\/p>\n\n\n\n<h3 class=\"wp-block-heading\">Intuba\u00e7\u00e3o mudou sua rotina<\/h3>\n\n\n\n<p class=\"wp-block-paragraph\">Durante esse per\u00edodo, Chrigor tamb\u00e9m desenvolveu problemas de refluxo e continuou alternando momentos de disciplina com reca\u00eddas. At\u00e9 que veio o maior susto de sua vida.<\/p>\n\n\n\n<p class=\"wp-block-paragraph\">Ap\u00f3s ser internado e precisar ser intubado duas vezes, o cantor decidiu mudar completamente seu estilo de vida. Hoje, ele afirma que segue rigorosamente o tratamento m\u00e9dico, faz uso correto dos medicamentos, monitora diariamente a press\u00e3o arterial e a glicemia e mant\u00e9m uma alimenta\u00e7\u00e3o com baixo consumo de a\u00e7\u00facar.<\/p>\n\n\n\n<p class=\"wp-block-paragraph\">&#8220;O m\u00e9dico n\u00e3o quis fazer a cirurgia porque minha sa\u00fade estava toda desregulada. Agora estou me cuidando e acredito que, at\u00e9 o fim do ano, consiga realizar esse procedimento&#8221;, afirmou.<\/p>\n\n\n\n<h3 class=\"wp-block-heading\">Novo estilo de vida<\/h3>\n\n\n\n<p class=\"wp-block-paragraph\">Chrigor tamb\u00e9m contou que abandonou antigos excessos e adotou uma rotina muito mais saud\u00e1vel. Apesar de ainda n\u00e3o resistir a um sorvete de vez em quando, ele garante que reduziu drasticamente o consumo de a\u00e7\u00facar e deixou para tr\u00e1s o h\u00e1bito de beber.<\/p>\n\n\n\n<p class=\"wp-block-paragraph\">Com bom humor, resumiu a mudan\u00e7a de vida fazendo uma compara\u00e7\u00e3o curiosa:<\/p>\n\n\n\n<p class=\"wp-block-paragraph\">&#8220;Eu era um Doj\u00e3o e virei um BYD. Parei, parei&#8221;, brincou o cantor, destacando que a experi\u00eancia serviu como um alerta para cuidar da pr\u00f3pria sa\u00fade.<\/p>\n\n\n\n<figure class=\"wp-block-embed is-type-video is-provider-youtube wp-block-embed-youtube wp-embed-aspect-16-9 wp-has-aspect-ratio\"><div class=\"wp-block-embed__wrapper\">\n<iframe loading=\"lazy\" title=\"CHRIGOR conta sua trajet\u00f3ria no HOJE TEM SAMBA\" width=\"880\" height=\"495\" src=\"https:\/\/www.youtube.com\/embed\/bw1B4-_faC4?feature=oembed\" frameborder=\"0\" allow=\"accelerometer; autoplay; clipboard-write; encrypted-media; gyroscope; picture-in-picture; web-share\" referrerpolicy=\"strict-origin-when-cross-origin\" allowfullscreen><\/iframe>\n<\/div><\/figure>","protected":false},"excerpt":{"rendered":"<p>O artista deu detalhes sobre o per\u00edodo em que esteve com a sa\u00fade debilitada.<\/p>","protected":false},"author":1,"featured_media":250507,"comment_status":"closed","ping_status":"closed","sticky":false,"template":"","format":"standard","meta":{"footnotes":""},"categories":[173],"tags":[18765],"class_list":["post-306356","post","type-post","status-publish","format-standard","has-post-thumbnail","hentry","category-celebridades","tag-chrigor"],"_links":{"self":[{"href":"https:\/\/portalpopmais.com.br\/en\/wp-json\/wp\/v2\/posts\/306356","targetHints":{"allow":["GET"]}}],"collection":[{"href":"https:\/\/portalpopmais.com.br\/en\/wp-json\/wp\/v2\/posts"}],"about":[{"href":"https:\/\/portalpopmais.com.br\/en\/wp-json\/wp\/v2\/types\/post"}],"author":[{"embeddable":true,"href":"https:\/\/portalpopmais.com.br\/en\/wp-json\/wp\/v2\/users\/1"}],"replies":[{"embeddable":true,"href":"https:\/\/portalpopmais.com.br\/en\/wp-json\/wp\/v2\/comments?post=306356"}],"version-history":[{"count":2,"href":"https:\/\/portalpopmais.com.br\/en\/wp-json\/wp\/v2\/posts\/306356\/revisions"}],"predecessor-version":[{"id":306358,"href":"https:\/\/portalpopmais.com.br\/en\/wp-json\/wp\/v2\/posts\/306356\/revisions\/306358"}],"wp:featuredmedia":[{"embeddable":true,"href":"https:\/\/portalpopmais.com.br\/en\/wp-json\/wp\/v2\/media\/250507"}],"wp:attachment":[{"href":"https:\/\/portalpopmais.com.br\/en\/wp-json\/wp\/v2\/media?parent=306356"}],"wp:term":[{"taxonomy":"category","embeddable":true,"href":"https:\/\/portalpopmais.com.br\/en\/wp-json\/wp\/v2\/categories?post=306356"},{"taxonomy":"post_tag","embeddable":true,"href":"https:\/\/portalpopmais.com.br\/en\/wp-json\/wp\/v2\/tags?post=306356"}],"curies":[{"name":"wp","href":"https:\/\/api.w.org\/{rel}","templated":true}]}}