{"id":306368,"date":"2026-08-31T22:38:13","date_gmt":"2026-09-01T01:38:13","guid":{"rendered":"https:\/\/portalpopmais.com.br\/?p=306368"},"modified":"2026-08-31T22:38:16","modified_gmt":"2026-09-01T01:38:16","slug":"pedro-scooby-confirma-o-fim-do-casamento-com-cintia-dicker","status":"publish","type":"post","link":"https:\/\/portalpopmais.com.br\/en\/pedro-scooby-confirma-o-fim-do-casamento-com-cintia-dicker\/","title":{"rendered":"Pedro Scooby confirma o fim do casamento com Cintia Dicker"},"content":{"rendered":"<p class=\"wp-block-paragraph\">Pedro Scooby confirmou que seu casamento com Cintia Dicker chegou ao fim. O surfista revelou que os dois est\u00e3o separados h\u00e1 cerca de dois meses e que j\u00e1 n\u00e3o vivem na mesma casa. Apesar do t\u00e9rmino, ele destacou que a rela\u00e7\u00e3o entre eles continua marcada pelo respeito, pela amizade e pelo compromisso com a cria\u00e7\u00e3o da filha, Aurora.<\/p>\n\n\n\n<p class=\"wp-block-paragraph\">Em declara\u00e7\u00e3o, Scooby explicou que, mesmo ap\u00f3s a separa\u00e7\u00e3o, os dois seguem mantendo uma conviv\u00eancia harmoniosa. Segundo ele, a fam\u00edlia continua unida e ambos permanecem presentes na vida da filha.<\/p>\n\n\n\n<p class=\"wp-block-paragraph\">O surfista tamb\u00e9m afirmou que pretende preservar a amizade constru\u00edda ao longo dos anos e ressaltou que acredita ser poss\u00edvel manter uma rela\u00e7\u00e3o saud\u00e1vel ap\u00f3s o fim do casamento. &#8220;Nunca imaginei que pudesse ter uma rela\u00e7\u00e3o assim ap\u00f3s o casamento, e acredito que isso seja o verdadeiro amor. Ela vai poder contar sempre comigo e eu sempre com ela&#8221;, declarou.<\/p>\n\n\n\n<p class=\"wp-block-paragraph\">Scooby ainda fez quest\u00e3o de esclarecer que o t\u00e9rmino n\u00e3o foi motivado por trai\u00e7\u00e3o ou qualquer tipo de desrespeito entre o casal. Ele pediu que o momento seja tratado com respeito e sem especula\u00e7\u00f5es.<\/p>\n\n\n\n<p class=\"wp-block-paragraph\">Pedro Scooby e Cintia Dicker come\u00e7aram o relacionamento no fim de 2019 e oficializaram a uni\u00e3o em 2020. Juntos, s\u00e3o pais de Aurora, de tr\u00eas anos. O surfista tamb\u00e9m \u00e9 pai de Dom, de 14 anos, e dos g\u00eameos Liz e Bem, de 10, frutos de seu relacionamento anterior com Luana Piovani.<\/p>\n\n\n\n<h2 class=\"wp-block-heading\">Cintia havia minimizado rumores de crise<\/h2>\n\n\n\n<p class=\"wp-block-paragraph\">Antes da confirma\u00e7\u00e3o da separa\u00e7\u00e3o, Cintia Dicker comentou os rumores sobre uma poss\u00edvel crise no casamento durante entrevista \u00e0 revista <em>Quem<\/em>. Na ocasi\u00e3o, a modelo afirmou que preferia n\u00e3o dar aten\u00e7\u00e3o \u00e0s especula\u00e7\u00f5es e que sua prioridade era a fam\u00edlia e a carreira.<\/p>\n\n\n\n<p class=\"wp-block-paragraph\">Ela destacou que tanto ela quanto Scooby mantinham uma rotina intensa de trabalho e buscavam preservar a vida pessoal, conversando apenas com familiares e amigos pr\u00f3ximos. Cintia tamb\u00e9m contou que o casal procurava reservar momentos a dois, como viagens e surpresas, para manter o relacionamento longe da rotina.<\/p>\n\n\n\n<p class=\"wp-block-paragraph\">As declara\u00e7\u00f5es foram feitas antes de Pedro Scooby tornar p\u00fablico que os dois j\u00e1 estavam separados havia cerca de dois meses.<\/p>","protected":false},"excerpt":{"rendered":"<p>Pedro Scooby confirmou que seu casamento com Cintia Dicker chegou ao fim. O surfista revelou que os dois est\u00e3o separados h\u00e1 cerca de dois meses e que j\u00e1 n\u00e3o vivem na mesma casa. Apesar do t\u00e9rmino, ele destacou que a rela\u00e7\u00e3o entre eles continua marcada pelo respeito, pela amizade e pelo compromisso com a cria\u00e7\u00e3o [&hellip;]<\/p>\n","protected":false},"author":3,"featured_media":306367,"comment_status":"closed","ping_status":"closed","sticky":false,"template":"","format":"standard","meta":{"footnotes":""},"categories":[173],"tags":[2261],"class_list":["post-306368","post","type-post","status-publish","format-standard","has-post-thumbnail","hentry","category-celebridades","tag-pedro-scooby"],"_links":{"self":[{"href":"https:\/\/portalpopmais.com.br\/en\/wp-json\/wp\/v2\/posts\/306368","targetHints":{"allow":["GET"]}}],"collection":[{"href":"https:\/\/portalpopmais.com.br\/en\/wp-json\/wp\/v2\/posts"}],"about":[{"href":"https:\/\/portalpopmais.com.br\/en\/wp-json\/wp\/v2\/types\/post"}],"author":[{"embeddable":true,"href":"https:\/\/portalpopmais.com.br\/en\/wp-json\/wp\/v2\/users\/3"}],"replies":[{"embeddable":true,"href":"https:\/\/portalpopmais.com.br\/en\/wp-json\/wp\/v2\/comments?post=306368"}],"version-history":[{"count":1,"href":"https:\/\/portalpopmais.com.br\/en\/wp-json\/wp\/v2\/posts\/306368\/revisions"}],"predecessor-version":[{"id":306369,"href":"https:\/\/portalpopmais.com.br\/en\/wp-json\/wp\/v2\/posts\/306368\/revisions\/306369"}],"wp:featuredmedia":[{"embeddable":true,"href":"https:\/\/portalpopmais.com.br\/en\/wp-json\/wp\/v2\/media\/306367"}],"wp:attachment":[{"href":"https:\/\/portalpopmais.com.br\/en\/wp-json\/wp\/v2\/media?parent=306368"}],"wp:term":[{"taxonomy":"category","embeddable":true,"href":"https:\/\/portalpopmais.com.br\/en\/wp-json\/wp\/v2\/categories?post=306368"},{"taxonomy":"post_tag","embeddable":true,"href":"https:\/\/portalpopmais.com.br\/en\/wp-json\/wp\/v2\/tags?post=306368"}],"curies":[{"name":"wp","href":"https:\/\/api.w.org\/{rel}","templated":true}]}}