{"id":306370,"date":"2026-09-01T08:04:51","date_gmt":"2026-09-01T11:04:51","guid":{"rendered":"https:\/\/portalpopmais.com.br\/?p=306370"},"modified":"2026-09-01T08:05:05","modified_gmt":"2026-09-01T11:05:05","slug":"homem-condenado-morte-tupac","status":"publish","type":"post","link":"https:\/\/portalpopmais.com.br\/en\/homem-condenado-morte-tupac\/","title":{"rendered":"Quase 30 anos ap\u00f3s o crime, homem \u00e9 condenado pelo assassinato de Tupac Shakur"},"content":{"rendered":"<p class=\"wp-block-paragraph\">Ap\u00f3s quase tr\u00eas d\u00e9cadas de investiga\u00e7\u00f5es, a Justi\u00e7a dos Estados Unidos condenou Duane &#8220;Keefe D&#8221; Davis, de 63 anos, pelo assassinato em primeiro grau do rapper <strong><a href=\"https:\/\/portalpopmais.com.br\/en\/diddy-ligacoes-m-tupac\/\" data-type=\"post\" data-id=\"219099\">Tupac Shakur<\/a><\/strong>. O veredicto foi anunciado por um j\u00fari de Las Vegas no \u00faltimo domingo (31), marcando a primeira condena\u00e7\u00e3o relacionada ao homic\u00eddio que chocou o mundo da m\u00fasica em 1996.<\/p>\n\n\n\n<p class=\"wp-block-paragraph\">De acordo com o site <em>TMZ<\/em>, al\u00e9m da condena\u00e7\u00e3o por assassinato, o j\u00fari reconheceu que o crime foi cometido com o uso de arma letal para favorecer uma gangue criminosa. Com a decis\u00e3o, Davis poder\u00e1 ser sentenciado \u00e0 pris\u00e3o perp\u00e9tua.<\/p>\n\n\n\n<p class=\"wp-block-paragraph\">Durante o julgamento, os promotores afirmaram que, embora n\u00e3o tenha sido o autor dos disparos, Davis teria coordenado a a\u00e7\u00e3o criminosa e entregue a arma utilizada no ataque contra Tupac, ocorrido em setembro de 1996, em Las Vegas.<\/p>\n\n\n\n<p class=\"wp-block-paragraph\">As investiga\u00e7\u00f5es apontavam Orlando &#8220;Baby Lane&#8221; Anderson, sobrinho de Davis, como o principal suspeito de efetuar os disparos. Outro ocupante do banco traseiro do ve\u00edculo tamb\u00e9m foi citado como poss\u00edvel envolvido.<\/p>\n\n\n\n<p class=\"wp-block-paragraph\"><\/p>","protected":false},"excerpt":{"rendered":"<p>Primeira condena\u00e7\u00e3o pelo homic\u00eddio do \u00edcone do rap acontece quase tr\u00eas d\u00e9cadas ap\u00f3s o crime que chocou o mundo.<\/p>","protected":false},"author":1,"featured_media":306371,"comment_status":"closed","ping_status":"closed","sticky":false,"template":"","format":"standard","meta":{"footnotes":""},"categories":[173],"tags":[18550,21900],"class_list":["post-306370","post","type-post","status-publish","format-standard","has-post-thumbnail","hentry","category-celebridades","tag-destaque","tag-tupac-shakur"],"_links":{"self":[{"href":"https:\/\/portalpopmais.com.br\/en\/wp-json\/wp\/v2\/posts\/306370","targetHints":{"allow":["GET"]}}],"collection":[{"href":"https:\/\/portalpopmais.com.br\/en\/wp-json\/wp\/v2\/posts"}],"about":[{"href":"https:\/\/portalpopmais.com.br\/en\/wp-json\/wp\/v2\/types\/post"}],"author":[{"embeddable":true,"href":"https:\/\/portalpopmais.com.br\/en\/wp-json\/wp\/v2\/users\/1"}],"replies":[{"embeddable":true,"href":"https:\/\/portalpopmais.com.br\/en\/wp-json\/wp\/v2\/comments?post=306370"}],"version-history":[{"count":2,"href":"https:\/\/portalpopmais.com.br\/en\/wp-json\/wp\/v2\/posts\/306370\/revisions"}],"predecessor-version":[{"id":306373,"href":"https:\/\/portalpopmais.com.br\/en\/wp-json\/wp\/v2\/posts\/306370\/revisions\/306373"}],"wp:featuredmedia":[{"embeddable":true,"href":"https:\/\/portalpopmais.com.br\/en\/wp-json\/wp\/v2\/media\/306371"}],"wp:attachment":[{"href":"https:\/\/portalpopmais.com.br\/en\/wp-json\/wp\/v2\/media?parent=306370"}],"wp:term":[{"taxonomy":"category","embeddable":true,"href":"https:\/\/portalpopmais.com.br\/en\/wp-json\/wp\/v2\/categories?post=306370"},{"taxonomy":"post_tag","embeddable":true,"href":"https:\/\/portalpopmais.com.br\/en\/wp-json\/wp\/v2\/tags?post=306370"}],"curies":[{"name":"wp","href":"https:\/\/api.w.org\/{rel}","templated":true}]}}