{"id":306386,"date":"2026-09-01T10:33:44","date_gmt":"2026-09-01T13:33:44","guid":{"rendered":"https:\/\/portalpopmais.com.br\/?p=306386"},"modified":"2026-09-01T10:33:46","modified_gmt":"2026-09-01T13:33:46","slug":"leo-dias-anuncia-saida-do-melhor-da-tarde-saiba-o-motivo","status":"publish","type":"post","link":"https:\/\/portalpopmais.com.br\/en\/leo-dias-anuncia-saida-do-melhor-da-tarde-saiba-o-motivo\/","title":{"rendered":"Leo Dias anuncia sa\u00edda do \u201cMelhor da Tarde\u201d; saiba o motivo"},"content":{"rendered":"<p class=\"wp-block-paragraph\">O jornalista Leo Dias anunciou que deixar\u00e1 a apresenta\u00e7\u00e3o di\u00e1ria do <em>Melhor da Tarde<\/em> ao fim de 2026, exatamente um ano ap\u00f3s sua estreia na revista eletr\u00f4nica da Band. A decis\u00e3o j\u00e1 foi comunicada \u00e0 dire\u00e7\u00e3o da emissora e tamb\u00e9m ao p\u00fablico durante a edi\u00e7\u00e3o desta segunda-feira (31) do <em>Jornal dos Famosos<\/em>, da LeoDias TV.<\/p>\n\n\n\n<p class=\"wp-block-paragraph\">Segundo o apresentador, a rotina de comandar tr\u00eas horas de programa ao vivo diariamente pesou na decis\u00e3o. Apesar de deixar a bancada fixa da atra\u00e7\u00e3o, ele garantiu que continuar\u00e1 vinculado \u00e0 Band e seguir\u00e1 colaborando com o programa em coberturas especiais.<\/p>\n\n\n\n<blockquote class=\"wp-block-quote is-layout-flow wp-block-quote-is-layout-flow\">\n<p class=\"wp-block-paragraph\">&#8220;Eu preciso me preservar mais. Acho que tr\u00eas horas ao vivo por dia \u00e9 muito tempo. As chances de falar besteira s\u00e3o grandes. J\u00e1 avisei para a Band que este \u00e9 o meu \u00faltimo ano no <em>Melhor da Tarde<\/em>. Vamos encontrar outra forma para que eu esteja no programa&#8221;, afirmou.<\/p>\n<\/blockquote>\n\n\n\n<p class=\"wp-block-paragraph\">Leo Dias fez quest\u00e3o de afastar rumores sobre uma poss\u00edvel mudan\u00e7a de emissora. De acordo com ele, n\u00e3o h\u00e1 negocia\u00e7\u00f5es em andamento e seu compromisso com a Band permanece.<\/p>\n\n\n\n<blockquote class=\"wp-block-quote is-layout-flow wp-block-quote-is-layout-flow\">\n<p class=\"wp-block-paragraph\">&#8220;Eu n\u00e3o vou sair da Band. N\u00e3o h\u00e1 nenhuma conversa minha com outra emissora, e eu nem quero conversar com outra emissora. Minha colabora\u00e7\u00e3o com o <em>Melhor da Tarde<\/em> continua. Serei um rep\u00f3rter em momentos especiais e estarei presente nas not\u00edcias mais importantes&#8221;, explicou.<\/p>\n<\/blockquote>\n\n\n\n<p class=\"wp-block-paragraph\">O jornalista tamb\u00e9m revelou que pretende mudar sua rotina pessoal, dividindo seu tempo entre S\u00e3o Paulo e o Nordeste. Segundo ele, a decis\u00e3o faz parte da busca por mais qualidade de vida.<\/p>\n\n\n\n<blockquote class=\"wp-block-quote is-layout-flow wp-block-quote-is-layout-flow\">\n<p class=\"wp-block-paragraph\">&#8220;A partir de agora, quero voltar para o Nordeste. Ficarei uma semana l\u00e1 e outra em S\u00e3o Paulo. Vou continuar trabalhando e entrando ao vivo por links. S\u00e3o Paulo \u00e9 uma cidade muito cruel. N\u00e3o tenho amigos aqui, \u00e9 uma cidade de pedra, que me deixa cada vez mais enclausurado&#8221;, concluiu.<\/p>\n<\/blockquote>","protected":false},"excerpt":{"rendered":"<p>O jornalista Leo Dias anunciou que deixar\u00e1 a apresenta\u00e7\u00e3o di\u00e1ria do Melhor da Tarde ao fim de 2026, exatamente um ano ap\u00f3s sua estreia na revista eletr\u00f4nica da Band. A decis\u00e3o j\u00e1 foi comunicada \u00e0 dire\u00e7\u00e3o da emissora e tamb\u00e9m ao p\u00fablico durante a edi\u00e7\u00e3o desta segunda-feira (31) do Jornal dos Famosos, da LeoDias TV. [&hellip;]<\/p>\n","protected":false},"author":2,"featured_media":276216,"comment_status":"closed","ping_status":"closed","sticky":false,"template":"","format":"standard","meta":{"footnotes":""},"categories":[181],"tags":[1152,425],"class_list":["post-306386","post","type-post","status-publish","format-standard","has-post-thumbnail","hentry","category-televisao","tag-band","tag-leo-dias"],"_links":{"self":[{"href":"https:\/\/portalpopmais.com.br\/en\/wp-json\/wp\/v2\/posts\/306386","targetHints":{"allow":["GET"]}}],"collection":[{"href":"https:\/\/portalpopmais.com.br\/en\/wp-json\/wp\/v2\/posts"}],"about":[{"href":"https:\/\/portalpopmais.com.br\/en\/wp-json\/wp\/v2\/types\/post"}],"author":[{"embeddable":true,"href":"https:\/\/portalpopmais.com.br\/en\/wp-json\/wp\/v2\/users\/2"}],"replies":[{"embeddable":true,"href":"https:\/\/portalpopmais.com.br\/en\/wp-json\/wp\/v2\/comments?post=306386"}],"version-history":[{"count":1,"href":"https:\/\/portalpopmais.com.br\/en\/wp-json\/wp\/v2\/posts\/306386\/revisions"}],"predecessor-version":[{"id":306387,"href":"https:\/\/portalpopmais.com.br\/en\/wp-json\/wp\/v2\/posts\/306386\/revisions\/306387"}],"wp:featuredmedia":[{"embeddable":true,"href":"https:\/\/portalpopmais.com.br\/en\/wp-json\/wp\/v2\/media\/276216"}],"wp:attachment":[{"href":"https:\/\/portalpopmais.com.br\/en\/wp-json\/wp\/v2\/media?parent=306386"}],"wp:term":[{"taxonomy":"category","embeddable":true,"href":"https:\/\/portalpopmais.com.br\/en\/wp-json\/wp\/v2\/categories?post=306386"},{"taxonomy":"post_tag","embeddable":true,"href":"https:\/\/portalpopmais.com.br\/en\/wp-json\/wp\/v2\/tags?post=306386"}],"curies":[{"name":"wp","href":"https:\/\/api.w.org\/{rel}","templated":true}]}}