{"id":306430,"date":"2026-09-01T17:18:59","date_gmt":"2026-09-01T20:18:59","guid":{"rendered":"https:\/\/portalpopmais.com.br\/?p=306430"},"modified":"2026-09-01T17:19:02","modified_gmt":"2026-09-01T20:19:02","slug":"francois-fougere-uma-trajetoria-musical-construida-entre-a-chanson-francesa-o-jazz-e-a-musica-classica","status":"publish","type":"post","link":"https:\/\/portalpopmais.com.br\/en\/francois-fougere-uma-trajetoria-musical-construida-entre-a-chanson-francesa-o-jazz-e-a-musica-classica\/","title":{"rendered":"Fran\u00e7ois Foug\u00e8re: uma trajet\u00f3ria musical constru\u00edda entre a chanson francesa, o jazz e a m\u00fasica cl\u00e1ssica"},"content":{"rendered":"<p class=\"wp-block-paragraph\">Cantor, compositor e produtor independente franc\u00eas, <strong>Fran\u00e7ois Foug\u00e8re<\/strong> constr\u00f3i sua trajet\u00f3ria art\u00edstica a partir de uma rela\u00e7\u00e3o de longa data com a m\u00fasica. Autor-compositor-int\u00e9rprete, como tamb\u00e9m aparece identificado em registros profissionais de artistas franceses, Foug\u00e8re come\u00e7ou a compor suas pr\u00f3prias can\u00e7\u00f5es ainda na d\u00e9cada de 1970.<\/p>\n\n\n\n<p class=\"wp-block-paragraph\">Sua forma\u00e7\u00e3o musical \u00e9 marcada por refer\u00eancias diversas. Desde cedo, cresceu ouvindo m\u00fasica cl\u00e1ssica e jazz, g\u00eaneros que contribu\u00edram para ampliar sua percep\u00e7\u00e3o musical e formar a base de sua identidade art\u00edstica.<\/p>\n\n\n\n<figure class=\"wp-block-embed is-type-video is-provider-youtube wp-block-embed-youtube wp-embed-aspect-16-9 wp-has-aspect-ratio\"><div class=\"wp-block-embed__wrapper\">\n<iframe loading=\"lazy\" title=\"Jamais Assez\" width=\"880\" height=\"495\" src=\"https:\/\/www.youtube.com\/embed\/ShMJLpjhMM0?start=167&amp;feature=oembed\" frameborder=\"0\" allow=\"accelerometer; autoplay; clipboard-write; encrypted-media; gyroscope; picture-in-picture; web-share\" referrerpolicy=\"strict-origin-when-cross-origin\" allowfullscreen><\/iframe>\n<\/div><\/figure>\n\n\n\n<p class=\"wp-block-paragraph\">Ao longo de sua trajet\u00f3ria, Foug\u00e8re tamb\u00e9m encontrou inspira\u00e7\u00e3o em alguns dos grandes nomes da m\u00fasica francesa, especialmente <strong>V\u00e9ronique Sanson, Michel Berger e Michel Polnareff<\/strong>. A influ\u00eancia desses artistas se soma \u00e0 sua forma\u00e7\u00e3o musical e ajuda a contextualizar uma obra ligada \u00e0 tradi\u00e7\u00e3o da can\u00e7\u00e3o francesa, mas constru\u00edda a partir de experi\u00eancias e refer\u00eancias pessoais.<\/p>\n\n\n\n<p class=\"wp-block-paragraph\">O in\u00edcio de sua atividade como compositor, na d\u00e9cada de 1970, revela uma carreira que atravessa diferentes per\u00edodos da m\u00fasica popular. Em vez de se limitar a uma \u00fanica fun\u00e7\u00e3o, Foug\u00e8re atua em diferentes etapas do processo criativo, reunindo os pap\u00e9is de int\u00e9rprete, compositor e produtor independente.<\/p>\n\n\n\n<p class=\"wp-block-paragraph\">Essa independ\u00eancia ocupa um lugar importante em seu percurso. Ao produzir seu pr\u00f3prio trabalho, o artista mant\u00e9m maior controle sobre suas escolhas musicais e sobre a forma como suas composi\u00e7\u00f5es chegam ao p\u00fablico.<\/p>\n\n\n\n<p class=\"wp-block-paragraph\">A trajet\u00f3ria de Fran\u00e7ois Foug\u00e8re \u00e9, portanto, marcada pela continuidade. S\u00e3o d\u00e9cadas dedicadas \u00e0 composi\u00e7\u00e3o e \u00e0 constru\u00e7\u00e3o de uma identidade art\u00edstica alimentada pela chanson francesa, pelo jazz e pela m\u00fasica cl\u00e1ssica. Uma carreira que conecta as refer\u00eancias musicais que fizeram parte de sua forma\u00e7\u00e3o a uma produ\u00e7\u00e3o autoral desenvolvida de maneira independente.<\/p>","protected":false},"excerpt":{"rendered":"<p>Cantor, compositor e produtor independente franc\u00eas, Fran\u00e7ois Foug\u00e8re constr\u00f3i sua trajet\u00f3ria art\u00edstica a partir de uma rela\u00e7\u00e3o de longa data com a m\u00fasica. Autor-compositor-int\u00e9rprete, como tamb\u00e9m aparece identificado em registros profissionais de artistas franceses, Foug\u00e8re come\u00e7ou a compor suas pr\u00f3prias can\u00e7\u00f5es ainda na d\u00e9cada de 1970. Sua forma\u00e7\u00e3o musical \u00e9 marcada por refer\u00eancias diversas. Desde [&hellip;]<\/p>\n","protected":false},"author":2,"featured_media":306431,"comment_status":"closed","ping_status":"closed","sticky":false,"template":"","format":"standard","meta":{"footnotes":""},"categories":[154],"tags":[20307,11937],"class_list":["post-306430","post","type-post","status-publish","format-standard","has-post-thumbnail","hentry","category-musica","tag-francois-fougere","tag-groover"],"_links":{"self":[{"href":"https:\/\/portalpopmais.com.br\/en\/wp-json\/wp\/v2\/posts\/306430","targetHints":{"allow":["GET"]}}],"collection":[{"href":"https:\/\/portalpopmais.com.br\/en\/wp-json\/wp\/v2\/posts"}],"about":[{"href":"https:\/\/portalpopmais.com.br\/en\/wp-json\/wp\/v2\/types\/post"}],"author":[{"embeddable":true,"href":"https:\/\/portalpopmais.com.br\/en\/wp-json\/wp\/v2\/users\/2"}],"replies":[{"embeddable":true,"href":"https:\/\/portalpopmais.com.br\/en\/wp-json\/wp\/v2\/comments?post=306430"}],"version-history":[{"count":1,"href":"https:\/\/portalpopmais.com.br\/en\/wp-json\/wp\/v2\/posts\/306430\/revisions"}],"predecessor-version":[{"id":306432,"href":"https:\/\/portalpopmais.com.br\/en\/wp-json\/wp\/v2\/posts\/306430\/revisions\/306432"}],"wp:featuredmedia":[{"embeddable":true,"href":"https:\/\/portalpopmais.com.br\/en\/wp-json\/wp\/v2\/media\/306431"}],"wp:attachment":[{"href":"https:\/\/portalpopmais.com.br\/en\/wp-json\/wp\/v2\/media?parent=306430"}],"wp:term":[{"taxonomy":"category","embeddable":true,"href":"https:\/\/portalpopmais.com.br\/en\/wp-json\/wp\/v2\/categories?post=306430"},{"taxonomy":"post_tag","embeddable":true,"href":"https:\/\/portalpopmais.com.br\/en\/wp-json\/wp\/v2\/tags?post=306430"}],"curies":[{"name":"wp","href":"https:\/\/api.w.org\/{rel}","templated":true}]}}