{"id":306445,"date":"2026-09-01T17:41:54","date_gmt":"2026-09-01T20:41:54","guid":{"rendered":"https:\/\/portalpopmais.com.br\/?p=306445"},"modified":"2026-09-01T17:42:35","modified_gmt":"2026-09-01T20:42:35","slug":"viuvo-homenagem-titina-medeiros-aniversario-50","status":"publish","type":"post","link":"https:\/\/portalpopmais.com.br\/en\/viuvo-homenagem-titina-medeiros-aniversario-50\/","title":{"rendered":"Vi\u00favo homenageia Titina Medeiros no dia em que atriz faria 50 anos"},"content":{"rendered":"\n<p class=\"wp-block-paragraph\">O ator e diretor C\u00e9sar Ferrario homenageou a esposa, a atriz Titina Medeiros, nesta ter\u00e7a-feira (1\u00ba), data em que ela completaria 50 anos. Titina morreu em 11 de janeiro de 2026, aos 49 anos, ap\u00f3s enfrentar um c\u00e2ncer de p\u00e2ncreas diagnosticado em abril de 2025.<\/p>\n\n\n\n<ul class=\"wp-block-list\">\n<li><strong>Veja tamb\u00e9m:<\/strong><\/li>\n<\/ul>\n\n\n<ul class=\"wp-block-latest-posts__list wp-block-latest-posts is-layout-flow wp-block-latest-posts-is-layout-flow\"><li><a class=\"wp-block-latest-posts__post-title\" href=\"https:\/\/portalpopmais.com.br\/en\/nina-dobrev-e-retirada-do-tapete-vermelho-no-festival-de-veneza-eu-teria-evaporado-de-vergonha\/\">Nina Dobrev \u00e9 retirada do tapete vermelho no Festival de Veneza: \u201cEu teria evaporado de vergonha\u201d<\/a><\/li>\n<li><a class=\"wp-block-latest-posts__post-title\" href=\"https:\/\/portalpopmais.com.br\/en\/justica-condena-miguel-falabella-por-plagio-em-peca-de-teatro\/\">Justi\u00e7a condena Miguel Falabella por pl\u00e1gio em pe\u00e7a de teatro<\/a><\/li>\n<li><a class=\"wp-block-latest-posts__post-title\" href=\"https:\/\/portalpopmais.com.br\/en\/juliano-floss-e-flagrado-em-momento-intimo-com-affair\/\">Juliano Floss \u00e9 flagrado em momento \u00edntimo com affair<\/a><\/li>\n<\/ul>\n\n<div class='code-block code-block-4' style='margin: 8px auto; text-align: center; display: block; clear: both;'>\n      <!-- r7_texto_2: Desktop [300x250] Mobile [300x250] -->\n    <div id=\"r7_texto_2\" style=\"min-width: 300px; min-height: 50px\">\n        <script>\n            googletag.cmd.push(function () {\n                window.googletag = window.googletag || { cmd: [] };\n                googletag.cmd.push(function () {\n                    googletag\n                        .defineSlot(\n                            \"\/7542,21732549436\/parceiros\/portalpopmais\",\n                            [[300, 250]],\n                            \"r7_texto_2\"\n                        )\n                        .addService(googletag.pubads());\n                    googletag.pubads().enableSingleRequest();\n                    googletag.pubads().setCentering(true);\n                    googletag.enableServices();\n                });\n                googletag.display(\"r7_texto_2\");\n            });\n\n        <\/script>\n    <\/div><\/div>\n\n\n<div class=\"wp-block-image\">\n<figure class=\"aligncenter size-full\"><img loading=\"lazy\" decoding=\"async\" width=\"1000\" height=\"733\" src=\"https:\/\/portalpopmais.com.br\/wp-content\/uploads\/2026\/09\/image-5.png\" alt=\"image\" class=\"wp-image-306446\" title=\"\" srcset=\"https:\/\/portalpopmais.com.br\/wp-content\/uploads\/2026\/09\/image-5.png 1000w, https:\/\/portalpopmais.com.br\/wp-content\/uploads\/2026\/09\/image-5-16x12.png 16w, https:\/\/portalpopmais.com.br\/wp-content\/uploads\/2026\/09\/image-5-767x562.png 767w\" sizes=\"auto, (max-width: 1000px) 100vw, 1000px\" \/><figcaption class=\"wp-element-caption\">C\u00e9sar Ferrario homenageia Titina Medeiros \u2014 Foto: Reprodu\u00e7\u00e3o\/Instagram<br><br><br><\/figcaption><\/figure>\n<\/div>\n\n\n<p class=\"wp-block-paragraph\">Vi\u00favo da atriz, C\u00e9sar publicou uma foto de Titina em seu perfil no Instagram e escreveu uma mensagem de carinho. \u201cHoje \u00e9 o dia do anivers\u00e1rio de Titina: 01.09. Seria os seus 50 anos. Muito amor, para sempre\u201d, declarou.<\/p>\n\n\n\n<p class=\"wp-block-paragraph\">A publica\u00e7\u00e3o recebeu mensagens de amigos e colegas de profiss\u00e3o. Entre os artistas que prestaram solidariedade est\u00e3o Isadora Cruz, S\u00e9rgio Guiz\u00e9, Emanuelle Ara\u00fajo e Fabiana Karla, que destacaram a import\u00e2ncia de Titina e sua perman\u00eancia na mem\u00f3ria de quem conviveu com ela.<\/p>\n\n\n\n<h3 class=\"wp-block-heading\">\u00daltimos momentos ao lado de Titina<\/h3>\n\n\n\n<p class=\"wp-block-paragraph\">C\u00e9sar e Titina estavam juntos desde 2006. Ap\u00f3s a morte da atriz, o ator precisou conciliar o per\u00edodo de luto com o in\u00edcio de um novo trabalho na televis\u00e3o. Atualmente, ele interpreta Fortunato Arag\u00e3o na novela das seis <em>A Nobreza do Amor<\/em>, da Globo.<\/p>\n\n\n\n<p class=\"wp-block-paragraph\">O primeiro contato de C\u00e9sar com a produ\u00e7\u00e3o aconteceu em dezembro de 2025, durante a prepara\u00e7\u00e3o do elenco. A primeira cena foi gravada em 28 de janeiro, apenas 17 dias ap\u00f3s a morte de Titina.<\/p>\n\n\n\n<p class=\"wp-block-paragraph\">Quando aceitou o trabalho, por\u00e9m, os planos do casal eram completamente diferentes. Titina ainda mantinha esperan\u00e7a de se recuperar e os dois planejavam se mudar juntos para o Rio de Janeiro. C\u00e9sar chegou a alugar um im\u00f3vel para receber a esposa e os familiares.<\/p>\n\n\n\n<p class=\"wp-block-paragraph\">\u201cEla tinha muita f\u00e9 na cura. At\u00e9 o \u00faltimo instante, ela tinha f\u00e9 na cura. E o nosso plano inicial era mudarmos todos para o Rio de Janeiro\u201d, contou o ator.<\/p>\n\n\n\n<p class=\"wp-block-paragraph\">Segundo C\u00e9sar, a sequ\u00eancia de acontecimentos permitiu que ele permanecesse ao lado de Titina at\u00e9 os \u00faltimos momentos antes de se dedicar \u00e0 novela. Para ele, a proximidade entre as datas acabou ganhando um significado especial.<\/p>\n\n\n\n<p class=\"wp-block-paragraph\">\u201cEu ainda tive mais duas semanas l\u00e1 para poder resolver tudo. Ou, pelo menos, boa parte do que era mais urgente. E a\u00ed foi quando eu pude vir para c\u00e1 definitivamente\u201d, lembrou.<\/p>\n\n\n\n<p class=\"wp-block-paragraph\">O ator tamb\u00e9m revelou que a situa\u00e7\u00e3o lhe causou ang\u00fastia e que chegou a interpretar a coincid\u00eancia das datas como algo al\u00e9m do acaso.<\/p>\n\n\n\n<p class=\"wp-block-paragraph\">\u201cEu confesso que isso me angustiou muito. E, por fim, n\u00e3o sei se da melhor forma, mas o processo natural das coisas levou, claro, a uma concatena\u00e7\u00e3o de datas que eu cheguei at\u00e9 a desconfiar se n\u00e3o era uma provid\u00eancia divina\u201d, afirmou.<\/p>\n\n\n\n<h3 class=\"wp-block-heading\">Titina manteve o diagn\u00f3stico em sigilo<\/h3>\n\n\n\n<p class=\"wp-block-paragraph\">Durante o tratamento, Titina preferiu preservar sua intimidade e n\u00e3o tornou p\u00fablico o diagn\u00f3stico de c\u00e2ncer. Antes de descobrir a doen\u00e7a, a atriz j\u00e1 vinha sentindo dores constantes nas costas.<\/p>\n\n\n\n<p class=\"wp-block-paragraph\">O amigo Raildon Lucena contou, durante o vel\u00f3rio da artista, que ela havia comentado com pessoas pr\u00f3ximas sobre os sintomas. Segundo ele, Titina passou por uma s\u00e9rie de exames at\u00e9 que o diagn\u00f3stico fosse confirmado.<\/p>\n\n\n\n<p class=\"wp-block-paragraph\">Raildon, que tamb\u00e9m enfrentou um c\u00e2ncer, procurou dar apoio \u00e0 atriz durante o per\u00edodo de tratamento. Ele compartilhou sua pr\u00f3pria experi\u00eancia de recupera\u00e7\u00e3o e manteve a esperan\u00e7a de que Titina tamb\u00e9m pudesse superar a doen\u00e7a.<\/p>\n\n\n\n<p class=\"wp-block-paragraph\">\u201cDei muita for\u00e7a para ela, falei meu depoimento, que eu tinha superado um c\u00e2ncer, que, na \u00e9poca, disseram que eu tinha pouco tempo, dois anos [de vida]. Mas consegui superar. A gente tinha muita esperan\u00e7a\u201d, relatou.<\/p>\n\n\n\n<p class=\"wp-block-paragraph\">Aos 49 anos, Titina Medeiros deixou uma trajet\u00f3ria marcada pelo teatro, pela televis\u00e3o e pelo cinema, al\u00e9m de uma forte liga\u00e7\u00e3o com a cultura potiguar. No dia em que completaria 50 anos, a homenagem de C\u00e9sar Ferrario refor\u00e7a a mem\u00f3ria de uma artista que segue presente na lembran\u00e7a de familiares, amigos e colegas.<\/p>\n\n\n\n<p class=\"wp-block-paragraph\"><\/p>\n","protected":false},"excerpt":{"rendered":"<p>Ator relembrou a esposa com uma declara\u00e7\u00e3o de amor nas redes sociais.<\/p>","protected":false},"author":2,"featured_media":282789,"comment_status":"closed","ping_status":"closed","sticky":false,"template":"","format":"standard","meta":{"footnotes":""},"categories":[173],"tags":[18550,20281],"class_list":["post-306445","post","type-post","status-publish","format-standard","has-post-thumbnail","hentry","category-celebridades","tag-destaque","tag-titina-medeiros"],"_links":{"self":[{"href":"https:\/\/portalpopmais.com.br\/en\/wp-json\/wp\/v2\/posts\/306445","targetHints":{"allow":["GET"]}}],"collection":[{"href":"https:\/\/portalpopmais.com.br\/en\/wp-json\/wp\/v2\/posts"}],"about":[{"href":"https:\/\/portalpopmais.com.br\/en\/wp-json\/wp\/v2\/types\/post"}],"author":[{"embeddable":true,"href":"https:\/\/portalpopmais.com.br\/en\/wp-json\/wp\/v2\/users\/2"}],"replies":[{"embeddable":true,"href":"https:\/\/portalpopmais.com.br\/en\/wp-json\/wp\/v2\/comments?post=306445"}],"version-history":[{"count":2,"href":"https:\/\/portalpopmais.com.br\/en\/wp-json\/wp\/v2\/posts\/306445\/revisions"}],"predecessor-version":[{"id":306448,"href":"https:\/\/portalpopmais.com.br\/en\/wp-json\/wp\/v2\/posts\/306445\/revisions\/306448"}],"wp:featuredmedia":[{"embeddable":true,"href":"https:\/\/portalpopmais.com.br\/en\/wp-json\/wp\/v2\/media\/282789"}],"wp:attachment":[{"href":"https:\/\/portalpopmais.com.br\/en\/wp-json\/wp\/v2\/media?parent=306445"}],"wp:term":[{"taxonomy":"category","embeddable":true,"href":"https:\/\/portalpopmais.com.br\/en\/wp-json\/wp\/v2\/categories?post=306445"},{"taxonomy":"post_tag","embeddable":true,"href":"https:\/\/portalpopmais.com.br\/en\/wp-json\/wp\/v2\/tags?post=306445"}],"curies":[{"name":"wp","href":"https:\/\/api.w.org\/{rel}","templated":true}]}}