{"id":306449,"date":"2026-09-01T17:51:30","date_gmt":"2026-09-01T20:51:30","guid":{"rendered":"https:\/\/portalpopmais.com.br\/?p=306449"},"modified":"2026-09-01T17:52:42","modified_gmt":"2026-09-01T20:52:42","slug":"ex-genro-ana-maria-braga-fala-investigacao","status":"publish","type":"post","link":"https:\/\/portalpopmais.com.br\/en\/ex-genro-ana-maria-braga-fala-investigacao\/","title":{"rendered":"Ex-genro de Ana Maria Braga se manifesta ap\u00f3s pris\u00e3o e investiga\u00e7\u00e3o por suposto furto"},"content":{"rendered":"\n<p class=\"wp-block-paragraph\">Badarik Gonz\u00e1lez, ex-marido de Mariana Maffeis, filha da apresentadora <strong><a href=\"https:\/\/portalpopmais.com.br\/trends\/ana-maria-braga\/\" data-type=\"post_tag\" data-id=\"179\">Ana Maria Braga<\/a><\/strong>, se manifestou nesta ter\u00e7a-feira (1\u00ba) <a href=\"https:\/\/portalpopmais.com.br\/ex-genro-de-ana-maria-braga-diz-ter-sido-preso-apos-medida-protetiva-e-desabafa-sobre-processo-judicial\/\">sobre a investiga\u00e7\u00e3o criminal relacionada a um epis\u00f3dio ocorrido em Ipoema<\/a>, distrito de Itabira (MG). O colombiano publicou nas redes sociais uma nota de esclarecimento assinada por sua assessoria jur\u00eddica.<\/p>\n\n\n\n<ul class=\"wp-block-list\">\n<li><strong>Veja tamb\u00e9m:<\/strong><\/li>\n<\/ul>\n\n\n<ul class=\"wp-block-latest-posts__list aligncenter wp-block-latest-posts is-layout-flow wp-block-latest-posts-is-layout-flow\"><li><a class=\"wp-block-latest-posts__post-title\" href=\"https:\/\/portalpopmais.com.br\/en\/miss-de-santa-catarina-morre-aos-42-anos-vitima-de-cancer\/\">Miss de Santa Catarina morre aos 42 anos v\u00edtima de c\u00e2ncer<\/a><\/li>\n<li><a class=\"wp-block-latest-posts__post-title\" href=\"https:\/\/portalpopmais.com.br\/en\/carla-jeffery-atriz-da-disney-morre-aos-33-anos\/\">Carla Jeffery, atriz da Disney, morre aos 33 anos<\/a><\/li>\n<li><a class=\"wp-block-latest-posts__post-title\" href=\"https:\/\/portalpopmais.com.br\/en\/mark-ruffalo-e-acusado-de-antissemitismo-apos-criticas-a-paramount-e-recebe-apoio-de-artistas-judeus\/\">Mark Ruffalo \u00e9 acusado de antissemitismo ap\u00f3s cr\u00edticas \u00e0 Paramount e recebe apoio de artistas judeus<\/a><\/li>\n<\/ul>\n\n<div class='code-block code-block-4' style='margin: 8px auto; text-align: center; display: block; clear: both;'>\n      <!-- r7_texto_2: Desktop [300x250] Mobile [300x250] -->\n    <div id=\"r7_texto_2\" style=\"min-width: 300px; min-height: 50px\">\n        <script>\n            googletag.cmd.push(function () {\n                window.googletag = window.googletag || { cmd: [] };\n                googletag.cmd.push(function () {\n                    googletag\n                        .defineSlot(\n                            \"\/7542,21732549436\/parceiros\/portalpopmais\",\n                            [[300, 250]],\n                            \"r7_texto_2\"\n                        )\n                        .addService(googletag.pubads());\n                    googletag.pubads().enableSingleRequest();\n                    googletag.pubads().setCentering(true);\n                    googletag.enableServices();\n                });\n                googletag.display(\"r7_texto_2\");\n            });\n\n        <\/script>\n    <\/div><\/div>\n\n\n\n<p class=\"wp-block-paragraph\">Segundo a defesa, at\u00e9 o momento n\u00e3o houve oferecimento de den\u00fancia contra Badarik. Os advogados afirmam que, por isso, ainda n\u00e3o existe uma acusa\u00e7\u00e3o formal que determine quais crimes poderiam eventualmente ser atribu\u00eddos a ele.<\/p>\n\n\n\n<p class=\"wp-block-paragraph\">O caso aconteceu h\u00e1 cerca de dois meses, durante um festival em Ipoema. Badarik foi preso sob suspeita de furtar um anel de prata que estava exposto em um estande do evento. Conforme o relato apresentado na ocasi\u00e3o, o objeto foi localizado dentro do carro do investigado ap\u00f3s uma revista realizada por seguran\u00e7as.<\/p>\n\n\n<div class=\"wp-block-image\">\n<figure class=\"aligncenter size-full\"><img loading=\"lazy\" decoding=\"async\" width=\"1200\" height=\"1356\" src=\"https:\/\/portalpopmais.com.br\/wp-content\/uploads\/2026\/09\/image-6.png\" alt=\"image\" class=\"wp-image-306451\" title=\"\" srcset=\"https:\/\/portalpopmais.com.br\/wp-content\/uploads\/2026\/09\/image-6.png 1200w, https:\/\/portalpopmais.com.br\/wp-content\/uploads\/2026\/09\/image-6-11x12.png 11w, https:\/\/portalpopmais.com.br\/wp-content\/uploads\/2026\/09\/image-6-767x867.png 767w\" sizes=\"auto, (max-width: 1200px) 100vw, 1200px\" \/><figcaption class=\"wp-element-caption\">Foto: Reprodu\u00e7\u00e3o<\/figcaption><\/figure>\n<\/div>\n\n\n<p class=\"wp-block-paragraph\">Badarik obteve liberdade provis\u00f3ria no in\u00edcio de junho e passou a cumprir medidas cautelares determinadas pela Justi\u00e7a, entre elas comparecer quando for intimado e manter o endere\u00e7o atualizado no processo.<\/p>\n\n\n\n<h3 class=\"wp-block-heading\">Defesa fala em presun\u00e7\u00e3o de inoc\u00eancia<\/h3>\n\n\n\n<p class=\"wp-block-paragraph\">Na nota publicada nas redes sociais, os advogados de Badarik afirmam que a repercuss\u00e3o do epis\u00f3dio estaria provocando consequ\u00eancias na vida pessoal e profissional do professor de ioga.<\/p>\n\n\n\n<p class=\"wp-block-paragraph\">A defesa tamb\u00e9m critica o que considera uma antecipa\u00e7\u00e3o de culpa diante da exposi\u00e7\u00e3o p\u00fablica do caso. Os advogados destacam que uma investiga\u00e7\u00e3o criminal n\u00e3o representa uma condena\u00e7\u00e3o e ressaltam os princ\u00edpios do devido processo legal, do contradit\u00f3rio, da ampla defesa e da presun\u00e7\u00e3o de inoc\u00eancia.<\/p>\n\n\n\n<p class=\"wp-block-paragraph\">Segundo a assessoria jur\u00eddica, os argumentos e esclarecimentos relacionados ao caso ser\u00e3o apresentados \u00e0s autoridades respons\u00e1veis pela investiga\u00e7\u00e3o. A defesa tamb\u00e9m afirma que pretende respeitar o andamento do processo e as institui\u00e7\u00f5es envolvidas.<\/p>\n\n\n\n<h3 class=\"wp-block-heading\">Badarik relata dificuldades para conseguir trabalho<\/h3>\n\n\n\n<p class=\"wp-block-paragraph\">Dias antes da publica\u00e7\u00e3o da nota jur\u00eddica, Badarik havia usado as redes sociais para falar sobre as dificuldades que estaria enfrentando profissionalmente ap\u00f3s a repercuss\u00e3o dos epis\u00f3dios envolvendo seu nome.<\/p>\n\n\n\n<p class=\"wp-block-paragraph\">Ele afirmou que trabalhava como aut\u00f4nomo, dando aulas, fazendo encomendas de doces e atuando como cozinheiro. Segundo o colombiano, tamb\u00e9m conseguiu um emprego em uma padaria no bairro Dem\u00e9tria, em Botucatu, no interior de S\u00e3o Paulo, mas acabou sendo dispensado.<\/p>\n\n\n\n<p class=\"wp-block-paragraph\">Badarik atribuiu a perda do trabalho ao julgamento que diz estar sofrendo por parte de algumas pessoas.<\/p>\n\n\n\n<p class=\"wp-block-paragraph\">\u201cComo muitas vezes acontece em uma sociedade que julga pelas apar\u00eancias e tira conclus\u00f5es sem perguntar diretamente ou investigar, as coisas acabaram se complicando\u201d, afirmou.<\/p>\n\n\n\n<p class=\"wp-block-paragraph\">Durante o desabafo, ele tamb\u00e9m respondeu a uma seguidora que perguntou se teria interesse em participar do reality show <em>A Fazenda<\/em>, da Record. Badarik disse que n\u00e3o pretende viver \u00e0 sombra de outras pessoas e voltou a defender que sua vers\u00e3o dos acontecimentos seja ouvida.<\/p>\n\n\n\n<p class=\"wp-block-paragraph\">\u201cUm dia v\u00e3o saber a verdade\u201d, declarou.<\/p>\n\n\n\n<h3 class=\"wp-block-heading\">Ex-casal tem dois filhos<\/h3>\n\n\n\n<p class=\"wp-block-paragraph\">Badarik Gonz\u00e1lez e Mariana Maffeis foram casados por aproximadamente seis anos e anunciaram o fim da rela\u00e7\u00e3o em julho de 2025. A separa\u00e7\u00e3o ganhou repercuss\u00e3o depois que veio a p\u00fablico que Mariana havia solicitado uma medida protetiva contra o ex-marido. Os detalhes do pedido n\u00e3o foram divulgados.<\/p>\n\n\n\n<p class=\"wp-block-paragraph\">Atualmente, segundo Badarik, a comunica\u00e7\u00e3o entre os dois ocorre por meio dos advogados.<\/p>\n\n\n\n<p class=\"wp-block-paragraph\">O ex-casal tem dois filhos: Varuna, de cinco anos, e Hima, de dois. Mariana tamb\u00e9m \u00e9 m\u00e3e de Joana, de 15 anos, e Maria, de 11, de um relacionamento anterior.<\/p>\n\n\n\n<p class=\"wp-block-paragraph\">Ap\u00f3s a separa\u00e7\u00e3o, Badarik j\u00e1 havia falado publicamente sobre a dist\u00e2ncia dos filhos e afirmado que estava enfrentando dificuldades para manter contato com eles.<\/p>\n\n\n\n<h3 class=\"wp-block-heading\">Investiga\u00e7\u00e3o segue em andamento<\/h3>\n\n\n\n<p class=\"wp-block-paragraph\">O epis\u00f3dio envolvendo o anel de prata ocorreu em um festival realizado em Ipoema. Segundo o relato apresentado \u00e0 \u00e9poca, Badarik teria sido procurado por seguran\u00e7as do evento e, posteriormente, teve o ve\u00edculo revistado quando retornou ao local. O objeto foi encontrado dentro do carro.<\/p>\n\n\n\n<p class=\"wp-block-paragraph\">Ele foi preso e posteriormente colocado em liberdade provis\u00f3ria, mediante o cumprimento das medidas cautelares estabelecidas pela Justi\u00e7a.<\/p>\n\n\n\n<p class=\"wp-block-paragraph\">At\u00e9 o momento, de acordo com a defesa, n\u00e3o houve den\u00fancia formal contra Badarik. Portanto, o caso permanece na fase de investiga\u00e7\u00e3o, e n\u00e3o h\u00e1 condena\u00e7\u00e3o contra o ex-genro de Ana Maria Braga.<\/p>\n\n\n\n<p class=\"wp-block-paragraph\"><\/p>\n","protected":false},"excerpt":{"rendered":"<p>Badarik Gonz\u00e1lez afirma que ainda n\u00e3o foi denunciado e diz sofrer impactos pessoais e profissionais por causa da repercuss\u00e3o do caso<\/p>","protected":false},"author":3,"featured_media":306452,"comment_status":"closed","ping_status":"closed","sticky":false,"template":"","format":"standard","meta":{"footnotes":""},"categories":[173],"tags":[179],"class_list":["post-306449","post","type-post","status-publish","format-standard","has-post-thumbnail","hentry","category-celebridades","tag-ana-maria-braga"],"_links":{"self":[{"href":"https:\/\/portalpopmais.com.br\/en\/wp-json\/wp\/v2\/posts\/306449","targetHints":{"allow":["GET"]}}],"collection":[{"href":"https:\/\/portalpopmais.com.br\/en\/wp-json\/wp\/v2\/posts"}],"about":[{"href":"https:\/\/portalpopmais.com.br\/en\/wp-json\/wp\/v2\/types\/post"}],"author":[{"embeddable":true,"href":"https:\/\/portalpopmais.com.br\/en\/wp-json\/wp\/v2\/users\/3"}],"replies":[{"embeddable":true,"href":"https:\/\/portalpopmais.com.br\/en\/wp-json\/wp\/v2\/comments?post=306449"}],"version-history":[{"count":2,"href":"https:\/\/portalpopmais.com.br\/en\/wp-json\/wp\/v2\/posts\/306449\/revisions"}],"predecessor-version":[{"id":306453,"href":"https:\/\/portalpopmais.com.br\/en\/wp-json\/wp\/v2\/posts\/306449\/revisions\/306453"}],"wp:featuredmedia":[{"embeddable":true,"href":"https:\/\/portalpopmais.com.br\/en\/wp-json\/wp\/v2\/media\/306452"}],"wp:attachment":[{"href":"https:\/\/portalpopmais.com.br\/en\/wp-json\/wp\/v2\/media?parent=306449"}],"wp:term":[{"taxonomy":"category","embeddable":true,"href":"https:\/\/portalpopmais.com.br\/en\/wp-json\/wp\/v2\/categories?post=306449"},{"taxonomy":"post_tag","embeddable":true,"href":"https:\/\/portalpopmais.com.br\/en\/wp-json\/wp\/v2\/tags?post=306449"}],"curies":[{"name":"wp","href":"https:\/\/api.w.org\/{rel}","templated":true}]}}