{"id":306459,"date":"2026-09-02T06:50:14","date_gmt":"2026-09-02T09:50:14","guid":{"rendered":"https:\/\/portalpopmais.com.br\/?p=306459"},"modified":"2026-09-02T06:54:16","modified_gmt":"2026-09-02T09:54:16","slug":"morre-luiz-antonio-silva","status":"publish","type":"post","link":"https:\/\/portalpopmais.com.br\/en\/morre-luiz-antonio-silva\/","title":{"rendered":"Morre Luiz Ant\u00f4nio Silva, m\u00e9dico e apresentador do quadro &#8220;Pergunte ao Doutor&#8221;, aos 63 anos"},"content":{"rendered":"\n<p class=\"wp-block-paragraph\">O m\u00e9dico pediatra <strong>Luiz Ant\u00f4nio Silva<\/strong>, conhecido por apresentar o quadro <strong>&#8220;Pergunte ao Doutor&#8221;<\/strong> no <strong>DF1<\/strong>, da <a href=\"https:\/\/portalpopmais.com.br\/trends\/tv-globo\/\" data-type=\"post_tag\" data-id=\"1665\">TV Globo<\/a>, morreu na tarde desta ter\u00e7a-feira (1\u00ba), aos 63 anos. A informa\u00e7\u00e3o foi confirmada pela fam\u00edlia.<\/p>\n\n\n\n<ul class=\"wp-block-list\">\n<li><strong>Veja tamb\u00e9m:<\/strong><\/li>\n<\/ul>\n\n\n<ul class=\"wp-block-latest-posts__list aligncenter wp-block-latest-posts is-layout-flow wp-block-latest-posts-is-layout-flow\"><li><a class=\"wp-block-latest-posts__post-title\" href=\"https:\/\/portalpopmais.com.br\/en\/morre-luiz-antonio-silva\/\">Morre Luiz Ant\u00f4nio Silva, m\u00e9dico e apresentador do quadro &#8220;Pergunte ao Doutor&#8221;, aos 63 anos<\/a><\/li>\n<li><a class=\"wp-block-latest-posts__post-title\" href=\"https:\/\/portalpopmais.com.br\/en\/apresentadora-de-telejornal-super-jovem-se-despede-da-tv-aos-79-anos\/\">Apresentadora de telejornal &#8216;super jovem&#8217; se despede da TV aos 79 anos<\/a><\/li>\n<li><a class=\"wp-block-latest-posts__post-title\" href=\"https:\/\/portalpopmais.com.br\/en\/leo-dias-anuncia-saida-do-melhor-da-tarde-saiba-o-motivo\/\">Leo Dias anuncia sa\u00edda do \u201cMelhor da Tarde\u201d; saiba o motivo<\/a><\/li>\n<\/ul>\n\n<div class='code-block code-block-4' style='margin: 8px auto; text-align: center; display: block; clear: both;'>\n      <!-- r7_texto_2: Desktop [300x250] Mobile [300x250] -->\n    <div id=\"r7_texto_2\" style=\"min-width: 300px; min-height: 50px\">\n        <script>\n            googletag.cmd.push(function () {\n                window.googletag = window.googletag || { cmd: [] };\n                googletag.cmd.push(function () {\n                    googletag\n                        .defineSlot(\n                            \"\/7542,21732549436\/parceiros\/portalpopmais\",\n                            [[300, 250]],\n                            \"r7_texto_2\"\n                        )\n                        .addService(googletag.pubads());\n                    googletag.pubads().enableSingleRequest();\n                    googletag.pubads().setCentering(true);\n                    googletag.enableServices();\n                });\n                googletag.display(\"r7_texto_2\");\n            });\n\n        <\/script>\n    <\/div><\/div>\n\n\n\n<p class=\"wp-block-paragraph\">Luiz Ant\u00f4nio enfrentava um c\u00e2ncer no c\u00e9rebro, diagnosticado em fevereiro deste ano. Ap\u00f3s a descoberta da doen\u00e7a, ele foi submetido a uma cirurgia para retirada do tumor, mas os m\u00e9dicos n\u00e3o conseguiram remover completamente a les\u00e3o.<\/p>\n\n\n\n<p class=\"wp-block-paragraph\">O vel\u00f3rio ser\u00e1 realizado na tarde desta quarta-feira (2), no Cemit\u00e9rio Campo da Esperan\u00e7a, na Asa Sul, em Bras\u00edlia. Ap\u00f3s a cerim\u00f4nia, o corpo ser\u00e1 cremado.<\/p>\n\n\n\n<h2 class=\"wp-block-heading\">Trajet\u00f3ria marcada pela informa\u00e7\u00e3o em sa\u00fade<\/h2>\n\n\n\n<p class=\"wp-block-paragraph\">Luiz Ant\u00f4nio Silva se tornou uma das principais refer\u00eancias em sa\u00fade na televis\u00e3o do Distrito Federal. Durante cerca de uma d\u00e9cada, comandou o quadro <strong>&#8220;Pergunte ao Doutor&#8221;<\/strong>, no DF1, respondendo \u00e0s d\u00favidas dos telespectadores sobre preven\u00e7\u00e3o de doen\u00e7as, qualidade de vida e cuidados com a sa\u00fade.<\/p>\n\n\n\n<p class=\"wp-block-paragraph\">Sua participa\u00e7\u00e3o no telejornal come\u00e7ou em 2011. Ao longo dos anos, abordou temas como obesidade infantil, dengue, pneumonia, glaucoma, mononucleose e diversas outras condi\u00e7\u00f5es que afetam a popula\u00e7\u00e3o.<\/p>\n\n\n\n<p class=\"wp-block-paragraph\">Durante a pandemia de Covid-19, o m\u00e9dico ganhou ainda mais destaque ao esclarecer d\u00favidas sobre a doen\u00e7a, orientar sobre formas de preven\u00e7\u00e3o e explicar informa\u00e7\u00f5es relacionadas \u00e0 vacina\u00e7\u00e3o e aos cuidados para reduzir o risco de transmiss\u00e3o.<\/p>\n\n\n\n<h2 class=\"wp-block-heading\">Carreira na medicina<\/h2>\n\n\n\n<p class=\"wp-block-paragraph\">Al\u00e9m da atua\u00e7\u00e3o na televis\u00e3o, Luiz Ant\u00f4nio Silva construiu uma longa carreira na medicina. Pediatra, dedicou aproximadamente 20 anos ao atendimento de crian\u00e7as na rede p\u00fablica de sa\u00fade do Distrito Federal, com passagem pelo Hospital Regional de Taguatinga (HRT).<\/p>\n\n\n\n<p class=\"wp-block-paragraph\">O m\u00e9dico tamb\u00e9m integrou a diretoria da Sociedade de Pediatria do Distrito Federal, entidade que lamentou sua morte e destacou sua contribui\u00e7\u00e3o para a pediatria e para a promo\u00e7\u00e3o da sa\u00fade.<\/p>\n\n\n\n<p class=\"wp-block-paragraph\">Reconhecido pela linguagem acess\u00edvel e pelo compromisso com a informa\u00e7\u00e3o de qualidade, Luiz Ant\u00f4nio Silva deixa um legado tanto na medicina quanto no jornalismo de presta\u00e7\u00e3o de servi\u00e7o, tornando-se uma refer\u00eancia para milhares de fam\u00edlias do Distrito Federal.<\/p>\n","protected":false},"excerpt":{"rendered":"<p>Pediatra enfrentava um c\u00e2ncer no c\u00e9rebro e ficou conhecido por levar orienta\u00e7\u00f5es sobre sa\u00fade aos telespectadores do DF1<\/p>","protected":false},"author":1,"featured_media":306460,"comment_status":"closed","ping_status":"closed","sticky":false,"template":"","format":"standard","meta":{"footnotes":""},"categories":[181],"tags":[18550,21906,1665],"class_list":["post-306459","post","type-post","status-publish","format-standard","has-post-thumbnail","hentry","category-televisao","tag-destaque","tag-luiz-antonio-silva","tag-tv-globo"],"_links":{"self":[{"href":"https:\/\/portalpopmais.com.br\/en\/wp-json\/wp\/v2\/posts\/306459","targetHints":{"allow":["GET"]}}],"collection":[{"href":"https:\/\/portalpopmais.com.br\/en\/wp-json\/wp\/v2\/posts"}],"about":[{"href":"https:\/\/portalpopmais.com.br\/en\/wp-json\/wp\/v2\/types\/post"}],"author":[{"embeddable":true,"href":"https:\/\/portalpopmais.com.br\/en\/wp-json\/wp\/v2\/users\/1"}],"replies":[{"embeddable":true,"href":"https:\/\/portalpopmais.com.br\/en\/wp-json\/wp\/v2\/comments?post=306459"}],"version-history":[{"count":1,"href":"https:\/\/portalpopmais.com.br\/en\/wp-json\/wp\/v2\/posts\/306459\/revisions"}],"predecessor-version":[{"id":306461,"href":"https:\/\/portalpopmais.com.br\/en\/wp-json\/wp\/v2\/posts\/306459\/revisions\/306461"}],"wp:featuredmedia":[{"embeddable":true,"href":"https:\/\/portalpopmais.com.br\/en\/wp-json\/wp\/v2\/media\/306460"}],"wp:attachment":[{"href":"https:\/\/portalpopmais.com.br\/en\/wp-json\/wp\/v2\/media?parent=306459"}],"wp:term":[{"taxonomy":"category","embeddable":true,"href":"https:\/\/portalpopmais.com.br\/en\/wp-json\/wp\/v2\/categories?post=306459"},{"taxonomy":"post_tag","embeddable":true,"href":"https:\/\/portalpopmais.com.br\/en\/wp-json\/wp\/v2\/tags?post=306459"}],"curies":[{"name":"wp","href":"https:\/\/api.w.org\/{rel}","templated":true}]}}