{"id":306474,"date":"2026-09-02T07:16:23","date_gmt":"2026-09-02T10:16:23","guid":{"rendered":"https:\/\/portalpopmais.com.br\/?p=306474"},"modified":"2026-09-02T07:18:43","modified_gmt":"2026-09-02T10:18:43","slug":"ariana-grande-muda-letra-musica-rumor-casamento","status":"publish","type":"post","link":"https:\/\/portalpopmais.com.br\/en\/ariana-grande-muda-letra-musica-rumor-casamento\/","title":{"rendered":"Ariana Grande muda letra de m\u00fasica durante show e alimenta rumores de casamento"},"content":{"rendered":"\n<p class=\"wp-block-paragraph\">A cantora <strong><a href=\"https:\/\/portalpopmais.com.br\/trends\/ariana-grande\/\" data-type=\"post_tag\" data-id=\"21\">Ariana Grande<\/a><\/strong> voltou a ser assunto entre os f\u00e3s ap\u00f3s modificar um trecho da m\u00fasica <strong>&#8220;Thank U, Next&#8221;<\/strong> durante o \u00faltimo show de sua turn\u00ea, realizado na O2 Arena, em Londres. A mudan\u00e7a na letra foi interpretada por parte do p\u00fablico como um poss\u00edvel sinal de que a artista estaria planejando se casar com o namorado, <strong>Ricky Alvarez<\/strong>.<\/p>\n\n\n\n<ul class=\"wp-block-list\">\n<li><strong>Veja tamb\u00e9m:<\/strong><\/li>\n<\/ul>\n\n\n<ul class=\"wp-block-latest-posts__list wp-block-latest-posts is-layout-flow wp-block-latest-posts-is-layout-flow\"><li><a class=\"wp-block-latest-posts__post-title\" href=\"https:\/\/portalpopmais.com.br\/en\/ariana-grande-muda-letra-musica-rumor-casamento\/\">Ariana Grande muda letra de m\u00fasica durante show e alimenta rumores de casamento<\/a><\/li>\n<li><a class=\"wp-block-latest-posts__post-title\" href=\"https:\/\/portalpopmais.com.br\/en\/millie-bobby-brown-fotos-viagem-familia\/\">Millie Bobby Brown compartilha fotos in\u00e9ditas de viagem com marido e filha<\/a><\/li>\n<li><a class=\"wp-block-latest-posts__post-title\" href=\"https:\/\/portalpopmais.com.br\/en\/selena-gomez-aparece-de-topless-em-video-gravado-por-benny-blanco-e-divide-opinioes-nas-redes\/\">Selena Gomez aparece de topless em v\u00eddeo gravado por Benny Blanco e divide opini\u00f5es nas redes<\/a><\/li>\n<\/ul>\n\n<div class='code-block code-block-4' style='margin: 8px auto; text-align: center; display: block; clear: both;'>\n      <!-- r7_texto_2: Desktop [300x250] Mobile [300x250] -->\n    <div id=\"r7_texto_2\" style=\"min-width: 300px; min-height: 50px\">\n        <script>\n            googletag.cmd.push(function () {\n                window.googletag = window.googletag || { cmd: [] };\n                googletag.cmd.push(function () {\n                    googletag\n                        .defineSlot(\n                            \"\/7542,21732549436\/parceiros\/portalpopmais\",\n                            [[300, 250]],\n                            \"r7_texto_2\"\n                        )\n                        .addService(googletag.pubads());\n                    googletag.pubads().enableSingleRequest();\n                    googletag.pubads().setCentering(true);\n                    googletag.enableServices();\n                });\n                googletag.display(\"r7_texto_2\");\n            });\n\n        <\/script>\n    <\/div><\/div>\n\n\n\n<p class=\"wp-block-paragraph\">Na vers\u00e3o original da can\u00e7\u00e3o, lan\u00e7ada em 2018, Ariana canta: <em>&#8220;Escrevi algumas m\u00fasicas sobre o Ricky, agora eu ou\u00e7o e rio&#8221;<\/em> (&#8220;Wrote some songs about Ricky, now I listen and laugh&#8221;). Na apresenta\u00e7\u00e3o mais recente, por\u00e9m, a cantora substituiu o verso por: <em>&#8220;Escrevi algumas m\u00fasicas sobre o Ricky, estou tentando fazer dele o meu \u00faltimo&#8221;<\/em> (&#8220;Wrote some songs about Ricky, I&#8217;m trying to make him my last&#8221;).<\/p>\n\n\n<div class=\"wp-block-image\">\n<figure class=\"aligncenter size-full\"><img loading=\"lazy\" decoding=\"async\" width=\"1000\" height=\"525\" src=\"https:\/\/portalpopmais.com.br\/wp-content\/uploads\/2026\/09\/image-13.png\" alt=\"image\" class=\"wp-image-306475\" title=\"\" srcset=\"https:\/\/portalpopmais.com.br\/wp-content\/uploads\/2026\/09\/image-13.png 1000w, https:\/\/portalpopmais.com.br\/wp-content\/uploads\/2026\/09\/image-13-18x9.png 18w, https:\/\/portalpopmais.com.br\/wp-content\/uploads\/2026\/09\/image-13-768x403.png 768w\" sizes=\"auto, (max-width: 1000px) 100vw, 1000px\" \/><figcaption class=\"wp-element-caption\">Ariana Grande e Ricky Alvarez \u2014 Foto: Reprodu\u00e7\u00e3o\/ Instagram<br><br><\/figcaption><\/figure>\n<\/div>\n\n\n<p class=\"wp-block-paragraph\">A altera\u00e7\u00e3o chamou a aten\u00e7\u00e3o dos f\u00e3s, que rapidamente passaram a especular sobre um poss\u00edvel noivado ou casamento da artista.<\/p>\n\n\n\n<h2 class=\"wp-block-heading\">F\u00e3s apontam poss\u00edvel casamento<\/h2>\n\n\n\n<p class=\"wp-block-paragraph\">Nas redes sociais, internautas relacionaram a mudan\u00e7a na letra ao momento vivido por Ariana e Ricky Alvarez.<\/p>\n\n\n\n<p class=\"wp-block-paragraph\">Mensagens como &#8220;O casamento vem a\u00ed&#8221;, &#8220;Ela vai se casar a qualquer momento&#8221; e &#8220;Ele deve pedir Ariana em casamento em breve&#8221; dominaram as publica\u00e7\u00f5es de f\u00e3s ap\u00f3s o show.<\/p>\n\n\n\n<p class=\"wp-block-paragraph\">Embora a cantora n\u00e3o tenha comentado o assunto, a altera\u00e7\u00e3o na m\u00fasica foi suficiente para alimentar as especula\u00e7\u00f5es sobre o futuro do casal.<\/p>\n\n\n\n<figure class=\"wp-block-embed is-type-rich is-provider-x wp-block-embed-x\"><div class=\"wp-block-embed__wrapper\">\n<blockquote class=\"twitter-tweet\" data-width=\"550\" data-dnt=\"true\"><p lang=\"pt\" dir=\"ltr\">Ariana Grande muda letra de m\u00fasica em \u00faltimo show de turn\u00ea e alimenta rumores de casamento com ex que voltou a ser atual.<br> <a href=\"https:\/\/t.co\/ZB7AWnxCpp\">pic.twitter.com\/ZB7AWnxCpp<\/a><\/p>&mdash; POP Mais (@sitepopmais) <a href=\"https:\/\/x.com\/sitepopmais\/status\/2095093422331752465?ref_src=twsrc%5Etfw\">September 2, 2026<\/a><\/blockquote><script async src=\"https:\/\/platform.x.com\/widgets.js\" charset=\"utf-8\"><\/script>\n<\/div><\/figure>\n\n\n\n<h2 class=\"wp-block-heading\">Ariana e Ricky retomaram o relacionamento<\/h2>\n\n\n\n<p class=\"wp-block-paragraph\">Ariana Grande e Ricky Alvarez viveram um relacionamento entre 2015 e 2016. Ap\u00f3s anos separados, os dois reataram o namoro em junho deste ano, pouco tempo depois do fim do relacionamento da cantora com o ator <strong>Ethan Slater<\/strong>, seu colega de elenco no filme <em>Wicked<\/em>.<\/p>\n\n\n\n<p class=\"wp-block-paragraph\">Desde que voltaram a ficar juntos, os dois t\u00eam mantido um relacionamento mais discreto, mas alguns detalhes compartilhados pela artista passaram a chamar a aten\u00e7\u00e3o dos f\u00e3s.<\/p>\n\n\n\n<p class=\"wp-block-paragraph\">Recentemente, Ariana apareceu com uma tatuagem na regi\u00e3o da clav\u00edcula com a frase <strong>&#8220;I do love you&#8221;<\/strong> (&#8220;Eu realmente te amo&#8221;), semelhante a uma tatuagem j\u00e1 feita por Ricky Alvarez, refor\u00e7ando as especula\u00e7\u00f5es de que o casal vive uma fase mais s\u00e9ria.<\/p>\n\n\n\n<p class=\"wp-block-paragraph\">At\u00e9 o momento, Ariana Grande e Ricky Alvarez n\u00e3o confirmaram qualquer noivado ou plano de casamento.<\/p>\n","protected":false},"excerpt":{"rendered":"<p>Cantora alterou um dos versos da m\u00fasica durante a \u00faltima apresenta\u00e7\u00e3o da turn\u00ea e movimentou as redes sociais<\/p>","protected":false},"author":1,"featured_media":304321,"comment_status":"closed","ping_status":"closed","sticky":false,"template":"","format":"standard","meta":{"footnotes":""},"categories":[173],"tags":[21],"class_list":["post-306474","post","type-post","status-publish","format-standard","has-post-thumbnail","hentry","category-celebridades","tag-ariana-grande"],"_links":{"self":[{"href":"https:\/\/portalpopmais.com.br\/en\/wp-json\/wp\/v2\/posts\/306474","targetHints":{"allow":["GET"]}}],"collection":[{"href":"https:\/\/portalpopmais.com.br\/en\/wp-json\/wp\/v2\/posts"}],"about":[{"href":"https:\/\/portalpopmais.com.br\/en\/wp-json\/wp\/v2\/types\/post"}],"author":[{"embeddable":true,"href":"https:\/\/portalpopmais.com.br\/en\/wp-json\/wp\/v2\/users\/1"}],"replies":[{"embeddable":true,"href":"https:\/\/portalpopmais.com.br\/en\/wp-json\/wp\/v2\/comments?post=306474"}],"version-history":[{"count":1,"href":"https:\/\/portalpopmais.com.br\/en\/wp-json\/wp\/v2\/posts\/306474\/revisions"}],"predecessor-version":[{"id":306476,"href":"https:\/\/portalpopmais.com.br\/en\/wp-json\/wp\/v2\/posts\/306474\/revisions\/306476"}],"wp:featuredmedia":[{"embeddable":true,"href":"https:\/\/portalpopmais.com.br\/en\/wp-json\/wp\/v2\/media\/304321"}],"wp:attachment":[{"href":"https:\/\/portalpopmais.com.br\/en\/wp-json\/wp\/v2\/media?parent=306474"}],"wp:term":[{"taxonomy":"category","embeddable":true,"href":"https:\/\/portalpopmais.com.br\/en\/wp-json\/wp\/v2\/categories?post=306474"},{"taxonomy":"post_tag","embeddable":true,"href":"https:\/\/portalpopmais.com.br\/en\/wp-json\/wp\/v2\/tags?post=306474"}],"curies":[{"name":"wp","href":"https:\/\/api.w.org\/{rel}","templated":true}]}}