{"id":306481,"date":"2026-09-02T09:35:54","date_gmt":"2026-09-02T12:35:54","guid":{"rendered":"https:\/\/portalpopmais.com.br\/?p=306481"},"modified":"2026-09-02T09:48:17","modified_gmt":"2026-09-02T12:48:17","slug":"morre-gracindo-jr","status":"publish","type":"post","link":"https:\/\/portalpopmais.com.br\/en\/morre-gracindo-jr\/","title":{"rendered":"Morre o ator e diretor Gracindo Jr., aos 83 anos"},"content":{"rendered":"<p class=\"wp-block-paragraph\">O ator e diretor Gracindo Jr. morreu na noite de ter\u00e7a-feira (2), aos 83 anos, de causas naturais. O artista estava em sua resid\u00eancia, na Barra da Tijuca, Zona Oeste do Rio de Janeiro. A informa\u00e7\u00e3o foi confirmada pelo filho, Pedro Gracindo.<\/p>\n\n\n\n<p class=\"wp-block-paragraph\">Nascido Epaminondas Xavier Gracindo, o artista construiu uma trajet\u00f3ria de mais de 50 anos dedicada ao r\u00e1dio, \u00e0 televis\u00e3o, ao teatro e ao cinema. Filho do consagrado ator Paulo Gracindo (1911-1995), ele integrou o elenco da inaugura\u00e7\u00e3o de uma das maiores emissoras de televis\u00e3o do pa\u00eds, em 1965, e participou de diversas produ\u00e7\u00f5es que marcaram \u00e9poca.<\/p>\n\n\n<div class=\"wp-block-image\">\n<figure class=\"aligncenter size-full\"><img loading=\"lazy\" decoding=\"async\" width=\"450\" height=\"700\" src=\"https:\/\/portalpopmais.com.br\/wp-content\/uploads\/2026\/09\/image-15.png\" alt=\"image\" class=\"wp-image-306485\" title=\"\" srcset=\"https:\/\/portalpopmais.com.br\/wp-content\/uploads\/2026\/09\/image-15.png 450w, https:\/\/portalpopmais.com.br\/wp-content\/uploads\/2026\/09\/image-15-8x12.png 8w\" sizes=\"auto, (max-width: 450px) 100vw, 450px\" \/><figcaption class=\"wp-element-caption\">Reprodu\u00e7\u00e3o\/ R7<\/figcaption><\/figure>\n<\/div>\n\n\n<p class=\"wp-block-paragraph\">Embora tenha se formado em Psicologia, Gracindo Jr. nunca exerceu a profiss\u00e3o. Preferiu seguir carreira art\u00edstica, consolidando seu nome como ator e diretor em diferentes \u00e1reas do entretenimento.<\/p>\n\n\n\n<p class=\"wp-block-paragraph\">Na d\u00e9cada de 1980, tamb\u00e9m esteve \u00e0 frente dos primeiros clipes musicais exibidos pelo programa <em>Fant\u00e1stico<\/em>, atuando como diretor e apresentador do projeto.<\/p>\n\n\n\n<p class=\"wp-block-paragraph\">Al\u00e9m da carreira art\u00edstica, Gracindo Jr. teve atua\u00e7\u00e3o pol\u00edtica. Militante do Partido Comunista, foi cassado pela ditadura militar em 1964, ao lado de outros 38 artistas, entre eles Dias Gomes e M\u00e1rio Lago. A medida o impediu de continuar trabalhando no r\u00e1dio, embora ele seguisse sua trajet\u00f3ria na televis\u00e3o, ap\u00f3s passagens por emissoras como TV Rio, TV Excelsior e TV Tupi.<\/p>\n\n\n\n<p class=\"wp-block-paragraph\">A morte de Gracindo Jr. encerra uma carreira marcada por importantes contribui\u00e7\u00f5es \u00e0 dramaturgia e \u00e0 televis\u00e3o brasileira, deixando um legado constru\u00eddo ao longo de mais de cinco d\u00e9cadas de atua\u00e7\u00e3o.<\/p>","protected":false},"excerpt":{"rendered":"<p>O ator e diretor Gracindo Jr. morreu na noite de ter\u00e7a-feira (2), aos 83 anos, de causas naturais. O artista estava em sua resid\u00eancia, na Barra da Tijuca, Zona Oeste do Rio de Janeiro. A informa\u00e7\u00e3o foi confirmada pelo filho, Pedro Gracindo. Nascido Epaminondas Xavier Gracindo, o artista construiu uma trajet\u00f3ria de mais de 50 [&hellip;]<\/p>\n","protected":false},"author":1,"featured_media":306482,"comment_status":"closed","ping_status":"closed","sticky":false,"template":"","format":"standard","meta":{"footnotes":""},"categories":[173],"tags":[18550,21908],"class_list":["post-306481","post","type-post","status-publish","format-standard","has-post-thumbnail","hentry","category-celebridades","tag-destaque","tag-gracindo-jr"],"_links":{"self":[{"href":"https:\/\/portalpopmais.com.br\/en\/wp-json\/wp\/v2\/posts\/306481","targetHints":{"allow":["GET"]}}],"collection":[{"href":"https:\/\/portalpopmais.com.br\/en\/wp-json\/wp\/v2\/posts"}],"about":[{"href":"https:\/\/portalpopmais.com.br\/en\/wp-json\/wp\/v2\/types\/post"}],"author":[{"embeddable":true,"href":"https:\/\/portalpopmais.com.br\/en\/wp-json\/wp\/v2\/users\/1"}],"replies":[{"embeddable":true,"href":"https:\/\/portalpopmais.com.br\/en\/wp-json\/wp\/v2\/comments?post=306481"}],"version-history":[{"count":3,"href":"https:\/\/portalpopmais.com.br\/en\/wp-json\/wp\/v2\/posts\/306481\/revisions"}],"predecessor-version":[{"id":306487,"href":"https:\/\/portalpopmais.com.br\/en\/wp-json\/wp\/v2\/posts\/306481\/revisions\/306487"}],"wp:featuredmedia":[{"embeddable":true,"href":"https:\/\/portalpopmais.com.br\/en\/wp-json\/wp\/v2\/media\/306482"}],"wp:attachment":[{"href":"https:\/\/portalpopmais.com.br\/en\/wp-json\/wp\/v2\/media?parent=306481"}],"wp:term":[{"taxonomy":"category","embeddable":true,"href":"https:\/\/portalpopmais.com.br\/en\/wp-json\/wp\/v2\/categories?post=306481"},{"taxonomy":"post_tag","embeddable":true,"href":"https:\/\/portalpopmais.com.br\/en\/wp-json\/wp\/v2\/tags?post=306481"}],"curies":[{"name":"wp","href":"https:\/\/api.w.org\/{rel}","templated":true}]}}