{"id":306567,"date":"2026-09-02T11:52:11","date_gmt":"2026-09-02T14:52:11","guid":{"rendered":"https:\/\/portalpopmais.com.br\/?p=306567"},"modified":"2026-09-02T11:52:14","modified_gmt":"2026-09-02T14:52:14","slug":"jake-andrich-nega-homofobia-apos-polemica-sobre-apoio-a-comunidade-a-coisa-mais-idiota-de-todas","status":"publish","type":"post","link":"https:\/\/portalpopmais.com.br\/en\/jake-andrich-nega-homofobia-apos-polemica-sobre-apoio-a-comunidade-a-coisa-mais-idiota-de-todas\/","title":{"rendered":"Jake Andrich nega homofobia ap\u00f3s pol\u00eamica sobre apoio \u00e0 comunidade: &#8220;A coisa mais idiota de todas&#8221;"},"content":{"rendered":"<p class=\"wp-block-paragraph\">O influenciador canadense e criador de conte\u00fado adulto Jake Andrich se pronunciou ap\u00f3s ser alvo de cr\u00edticas nas redes sociais por afirmar, durante uma transmiss\u00e3o ao vivo, que n\u00e3o apoiava a comunidade LGBTQIAPN+. A declara\u00e7\u00e3o viralizou e gerou forte repercuss\u00e3o entre internautas.<\/p>\n\n\n\n<p class=\"wp-block-paragraph\">Em um v\u00eddeo publicado no X (antigo Twitter), Jake afirmou que o trecho compartilhado foi retirado de contexto e negou qualquer atitude homof\u00f3bica.<\/p>\n\n\n\n<blockquote class=\"wp-block-quote is-layout-flow wp-block-quote-is-layout-flow\">\n<p class=\"wp-block-paragraph\">&#8220;Obviamente, eu n\u00e3o sou homof\u00f3bico. Isso \u00e9 a coisa mais idiota de todas, e voc\u00eas sabem disso, assim como eu&#8221;, declarou.<\/p>\n<\/blockquote>\n\n\n\n<p class=\"wp-block-paragraph\">Segundo o influenciador, a pergunta sobre seu apoio \u00e0 comunidade LGBTQIAPN+ \u00e9 frequente em suas lives e, na maioria das vezes, sua resposta \u00e9 positiva.<\/p>\n\n\n\n<blockquote class=\"wp-block-quote is-layout-flow wp-block-quote-is-layout-flow\">\n<p class=\"wp-block-paragraph\">&#8220;Na maioria dos dias, \u00e9 um simples &#8216;sim&#8217;, &#8216;claro&#8217;, &#8216;por que n\u00e3o?&#8217;, &#8216;com certeza&#8217;. Todo mundo merece amar. Eu quero poder gostar do que eu quiser, ent\u00e3o voc\u00ea tamb\u00e9m deve poder gostar do que quiser, n\u00e3o importa o que seja&#8221;, explicou.<\/p>\n<\/blockquote>\n\n\n\n<p class=\"wp-block-paragraph\">Jake tamb\u00e9m afirmou que algumas pessoas entram em suas transmiss\u00f5es j\u00e1 com a inten\u00e7\u00e3o de provocar respostas pol\u00eamicas para criar cortes e disseminar informa\u00e7\u00f5es fora de contexto.<\/p>\n\n\n\n<blockquote class=\"wp-block-quote is-layout-flow wp-block-quote-is-layout-flow\">\n<p class=\"wp-block-paragraph\">&#8220;Elas ficam ali com a grava\u00e7\u00e3o de tela ligada, esperando que eu seja um pouco engra\u00e7ado, um pouco ir\u00f4nico. Elas est\u00e3o procurando drama, cliques, est\u00e3o procurando aten\u00e7\u00e3o&#8221;, disse.<\/p>\n<\/blockquote>\n\n\n\n<p class=\"wp-block-paragraph\">Ao comentar a declara\u00e7\u00e3o que originou a controv\u00e9rsia, o criador de conte\u00fado afirmou que sua cr\u00edtica n\u00e3o era direcionada \u00e0 comunidade LGBTQIAPN+, mas ao que considera uma excessiva divis\u00e3o de pessoas em grupos e r\u00f3tulos.<\/p>\n\n\n\n<blockquote class=\"wp-block-quote is-layout-flow wp-block-quote-is-layout-flow\">\n<p class=\"wp-block-paragraph\">&#8220;Eu odeio segrega\u00e7\u00e3o. Religiosa, pol\u00edtica, sexual\u2026 todos esses r\u00f3tulos, todos esses grupos, todo mundo sendo separado&#8221;, afirmou.<\/p>\n<\/blockquote>\n\n\n\n<p class=\"wp-block-paragraph\">Ele concluiu refor\u00e7ando que acredita na liberdade individual e no direito de cada pessoa viver sua vida como desejar.<\/p>\n\n\n\n<blockquote class=\"wp-block-quote is-layout-flow wp-block-quote-is-layout-flow\">\n<p class=\"wp-block-paragraph\">&#8220;As pessoas deveriam amar quem quiserem e fazer o que quiserem, desde que isso n\u00e3o afete negativamente ningu\u00e9m. E eu apoio isso&#8221;, finalizou.<\/p>\n<\/blockquote>\n\n\n\n<figure class=\"wp-block-embed is-type-rich is-provider-x wp-block-embed-x\"><div class=\"wp-block-embed__wrapper\">\n<blockquote class=\"twitter-tweet\" data-width=\"550\" data-dnt=\"true\"><p lang=\"tl\" dir=\"ltr\">JAKIPZ DRAMA UPDATE \u203c\ufe0f <a href=\"https:\/\/t.co\/fdbFTd9BFU\">pic.twitter.com\/fdbFTd9BFU<\/a><\/p>&mdash; Jake Andrich \/ Jakipz (@JakipzSFW) <a href=\"https:\/\/x.com\/JakipzSFW\/status\/2094612478823202940?ref_src=twsrc%5Etfw\">September 1, 2026<\/a><\/blockquote><script async src=\"https:\/\/platform.x.com\/widgets.js\" charset=\"utf-8\"><\/script>\n<\/div><\/figure>","protected":false},"excerpt":{"rendered":"<p>O influenciador canadense e criador de conte\u00fado adulto Jake Andrich se pronunciou ap\u00f3s ser alvo de cr\u00edticas nas redes sociais por afirmar, durante uma transmiss\u00e3o ao vivo, que n\u00e3o apoiava a comunidade LGBTQIAPN+. A declara\u00e7\u00e3o viralizou e gerou forte repercuss\u00e3o entre internautas. Em um v\u00eddeo publicado no X (antigo Twitter), Jake afirmou que o trecho [&hellip;]<\/p>\n","protected":false},"author":2,"featured_media":306568,"comment_status":"closed","ping_status":"closed","sticky":false,"template":"","format":"standard","meta":{"footnotes":""},"categories":[20062],"tags":[21910],"class_list":["post-306567","post","type-post","status-publish","format-standard","has-post-thumbnail","hentry","category-adulto","tag-jake-andrich"],"_links":{"self":[{"href":"https:\/\/portalpopmais.com.br\/en\/wp-json\/wp\/v2\/posts\/306567","targetHints":{"allow":["GET"]}}],"collection":[{"href":"https:\/\/portalpopmais.com.br\/en\/wp-json\/wp\/v2\/posts"}],"about":[{"href":"https:\/\/portalpopmais.com.br\/en\/wp-json\/wp\/v2\/types\/post"}],"author":[{"embeddable":true,"href":"https:\/\/portalpopmais.com.br\/en\/wp-json\/wp\/v2\/users\/2"}],"replies":[{"embeddable":true,"href":"https:\/\/portalpopmais.com.br\/en\/wp-json\/wp\/v2\/comments?post=306567"}],"version-history":[{"count":1,"href":"https:\/\/portalpopmais.com.br\/en\/wp-json\/wp\/v2\/posts\/306567\/revisions"}],"predecessor-version":[{"id":306569,"href":"https:\/\/portalpopmais.com.br\/en\/wp-json\/wp\/v2\/posts\/306567\/revisions\/306569"}],"wp:featuredmedia":[{"embeddable":true,"href":"https:\/\/portalpopmais.com.br\/en\/wp-json\/wp\/v2\/media\/306568"}],"wp:attachment":[{"href":"https:\/\/portalpopmais.com.br\/en\/wp-json\/wp\/v2\/media?parent=306567"}],"wp:term":[{"taxonomy":"category","embeddable":true,"href":"https:\/\/portalpopmais.com.br\/en\/wp-json\/wp\/v2\/categories?post=306567"},{"taxonomy":"post_tag","embeddable":true,"href":"https:\/\/portalpopmais.com.br\/en\/wp-json\/wp\/v2\/tags?post=306567"}],"curies":[{"name":"wp","href":"https:\/\/api.w.org\/{rel}","templated":true}]}}