{"id":306587,"date":"2026-09-02T15:08:50","date_gmt":"2026-09-02T18:08:50","guid":{"rendered":"https:\/\/portalpopmais.com.br\/?p=306587"},"modified":"2026-09-02T15:09:09","modified_gmt":"2026-09-02T18:09:09","slug":"morre-victor-miller-roteirista-original-de-sexta-feira-13-aos-86-anos","status":"publish","type":"post","link":"https:\/\/portalpopmais.com.br\/en\/morre-victor-miller-roteirista-original-de-sexta-feira-13-aos-86-anos\/","title":{"rendered":"Morre Victor Miller, roteirista original de \u201cSexta-Feira 13\u201d, aos 86 anos"},"content":{"rendered":"<p class=\"wp-block-paragraph\">O roteirista norte-americano Victor Miller, respons\u00e1vel por criar a hist\u00f3ria que deu origem ao cl\u00e1ssico do terror <strong>\u201cSexta-Feira 13\u201d (1980)<\/strong>, morreu nesta ter\u00e7a-feira (1\u00ba), aos 86 anos, na Calif\u00f3rnia, nos Estados Unidos. A informa\u00e7\u00e3o foi confirmada por seu filho, Ian Miller, \u00e0 revista <em>Variety<\/em>. Al\u00e9m dele, o escritor deixa outro filho, Josh Miller, e a esposa, Tina Thurston Miller.<\/p>\n\n\n\n<p class=\"wp-block-paragraph\">Natural de Nova Orleans, no estado da Louisiana, Victor Miller nasceu em 1940 e entrou para a hist\u00f3ria do cinema ao assinar o roteiro do primeiro filme da franquia \u201cSexta-Feira 13\u201d. O longa se tornou um marco do g\u00eanero slasher e deu origem a uma das s\u00e9ries de terror mais populares e influentes da ind\u00fastria cinematogr\u00e1fica.<\/p>\n\n\n\n<h2 class=\"wp-block-heading\">A origem de um cl\u00e1ssico<\/h2>\n\n\n\n<p class=\"wp-block-paragraph\">Em entrevista concedida recentemente a um site dedicado aos f\u00e3s da franquia, Miller revelou que a ideia para o filme surgiu ap\u00f3s o sucesso de <strong>\u201cHalloween\u201d<\/strong>, de John Carpenter. Segundo o roteirista, o t\u00edtulo \u201cSexta-Feira 13\u201d s\u00f3 foi definido quando o roteiro j\u00e1 estava em desenvolvimento.<\/p>\n\n\n\n<p class=\"wp-block-paragraph\">Ele tamb\u00e9m explicou que escolheu um acampamento de ver\u00e3o como cen\u00e1rio principal por acreditar que o isolamento dos personagens aumentaria a tens\u00e3o da hist\u00f3ria.<\/p>\n\n\n\n<blockquote class=\"wp-block-quote is-layout-flow wp-block-quote-is-layout-flow\">\n<p class=\"wp-block-paragraph\">\u201cA ideia veio do meu instinto de que precis\u00e1vamos de um local onde jovens adultos ficassem isolados de qualquer ajuda de adultos\u201d, afirmou.<\/p>\n<\/blockquote>\n\n\n\n<p class=\"wp-block-paragraph\">Outra influ\u00eancia de \u201cHalloween\u201d, segundo Miller, foi a decis\u00e3o de estabelecer que Jason Voorhees j\u00e1 estivesse morto antes do in\u00edcio da narrativa.<\/p>\n\n\n\n<blockquote class=\"wp-block-quote is-layout-flow wp-block-quote-is-layout-flow\">\n<p class=\"wp-block-paragraph\">\u201cA ideia de que Jason havia morrido antes do in\u00edcio do filme tamb\u00e9m veio do conceito de \u2018Halloween\u2019\u201d, relembrou.<\/p>\n<\/blockquote>\n\n\n\n<p class=\"wp-block-paragraph\">O roteirista contou ainda que a trama foi constru\u00edda em torno de uma m\u00e3e extremamente protetora que passa a assassinar, um a um, os jovens do acampamento, dando origem a um dos maiores \u00edcones do cinema de terror.<\/p>\n\n\n\n<h2 class=\"wp-block-heading\">Carreira na televis\u00e3o<\/h2>\n\n\n\n<p class=\"wp-block-paragraph\">Apesar de ter criado a hist\u00f3ria original de \u201cSexta-Feira 13\u201d, Victor Miller n\u00e3o participou de todos os filmes da franquia. Ao longo de sua carreira, tamb\u00e9m se destacou como roteirista de novelas norte-americanas, assinando epis\u00f3dios de produ\u00e7\u00f5es de sucesso como <strong>\u201cAll My Children\u201d<\/strong>, <strong>\u201cOne Life to Live\u201d<\/strong> e <strong>\u201cGeneral Hospital\u201d<\/strong>.<\/p>\n\n\n\n<p class=\"wp-block-paragraph\">Seu trabalho em \u201cAll My Children\u201d rendeu reconhecimento \u00e0 equipe de roteiristas da produ\u00e7\u00e3o, que conquistou tr\u00eas pr\u00eamios <strong>Daytime Emmy<\/strong> na categoria de Melhor Equipe de Roteiro de S\u00e9rie Dram\u00e1tica, com participa\u00e7\u00e3o de Miller.<\/p>\n\n\n\n<p class=\"wp-block-paragraph\"><\/p>","protected":false},"excerpt":{"rendered":"<p>O roteirista norte-americano Victor Miller, respons\u00e1vel por criar a hist\u00f3ria que deu origem ao cl\u00e1ssico do terror \u201cSexta-Feira 13\u201d (1980), morreu nesta ter\u00e7a-feira (1\u00ba), aos 86 anos, na Calif\u00f3rnia, nos Estados Unidos. A informa\u00e7\u00e3o foi confirmada por seu filho, Ian Miller, \u00e0 revista Variety. Al\u00e9m dele, o escritor deixa outro filho, Josh Miller, e a [&hellip;]<\/p>\n","protected":false},"author":1,"featured_media":306586,"comment_status":"closed","ping_status":"closed","sticky":false,"template":"","format":"standard","meta":{"footnotes":""},"categories":[174],"tags":[21913,21912],"class_list":["post-306587","post","type-post","status-publish","format-standard","has-post-thumbnail","hentry","category-filmes-series","tag-sexta-feira-13","tag-victor-miller"],"_links":{"self":[{"href":"https:\/\/portalpopmais.com.br\/en\/wp-json\/wp\/v2\/posts\/306587","targetHints":{"allow":["GET"]}}],"collection":[{"href":"https:\/\/portalpopmais.com.br\/en\/wp-json\/wp\/v2\/posts"}],"about":[{"href":"https:\/\/portalpopmais.com.br\/en\/wp-json\/wp\/v2\/types\/post"}],"author":[{"embeddable":true,"href":"https:\/\/portalpopmais.com.br\/en\/wp-json\/wp\/v2\/users\/1"}],"replies":[{"embeddable":true,"href":"https:\/\/portalpopmais.com.br\/en\/wp-json\/wp\/v2\/comments?post=306587"}],"version-history":[{"count":2,"href":"https:\/\/portalpopmais.com.br\/en\/wp-json\/wp\/v2\/posts\/306587\/revisions"}],"predecessor-version":[{"id":306590,"href":"https:\/\/portalpopmais.com.br\/en\/wp-json\/wp\/v2\/posts\/306587\/revisions\/306590"}],"wp:featuredmedia":[{"embeddable":true,"href":"https:\/\/portalpopmais.com.br\/en\/wp-json\/wp\/v2\/media\/306586"}],"wp:attachment":[{"href":"https:\/\/portalpopmais.com.br\/en\/wp-json\/wp\/v2\/media?parent=306587"}],"wp:term":[{"taxonomy":"category","embeddable":true,"href":"https:\/\/portalpopmais.com.br\/en\/wp-json\/wp\/v2\/categories?post=306587"},{"taxonomy":"post_tag","embeddable":true,"href":"https:\/\/portalpopmais.com.br\/en\/wp-json\/wp\/v2\/tags?post=306587"}],"curies":[{"name":"wp","href":"https:\/\/api.w.org\/{rel}","templated":true}]}}