{"id":306593,"date":"2026-09-02T18:01:01","date_gmt":"2026-09-02T21:01:01","guid":{"rendered":"https:\/\/portalpopmais.com.br\/?p=306593"},"modified":"2026-09-02T18:01:39","modified_gmt":"2026-09-02T21:01:39","slug":"mark-ruffalo-e-acusado-de-antissemitismo-apos-criticas-a-paramount-e-recebe-apoio-de-artistas-judeus","status":"publish","type":"post","link":"https:\/\/portalpopmais.com.br\/en\/mark-ruffalo-e-acusado-de-antissemitismo-apos-criticas-a-paramount-e-recebe-apoio-de-artistas-judeus\/","title":{"rendered":"Mark Ruffalo \u00e9 acusado de antissemitismo ap\u00f3s cr\u00edticas \u00e0 Paramount e recebe apoio de artistas judeus"},"content":{"rendered":"<p class=\"wp-block-paragraph\">O ator americano <strong>Mark Ruffalo<\/strong>, de 58 anos, recebeu o apoio p\u00fablico de mais de <strong>180 artistas, cineastas, intelectuais e profissionais judeus<\/strong> da ind\u00fastria do entretenimento ap\u00f3s ser acusado de antissemitismo pela Paramount.<\/p>\n\n\n\n<p class=\"wp-block-paragraph\">Entre os signat\u00e1rios da carta est\u00e3o nomes de destaque como <strong>Joaquin Phoenix, Jonathan Glazer, Joel Coen, Todd Haynes, Kenneth Lonergan<\/strong> e <strong>Hannah Einbinder<\/strong>. O documento foi divulgado pela revista <strong>Variety<\/strong> na ter\u00e7a-feira (1\u00ba) e classifica as acusa\u00e7\u00f5es contra Ruffalo como parte de uma &#8220;campanha difamat\u00f3ria&#8221;.<\/p>\n\n\n<div class=\"wp-block-image\">\n<figure class=\"aligncenter size-large\"><img loading=\"lazy\" decoding=\"async\" width=\"1170\" height=\"694\" src=\"https:\/\/portalpopmais.com.br\/wp-content\/uploads\/2026\/02\/mark-ruffalo-1170x694.jpg\" alt=\"\" class=\"wp-image-285864\" title=\"\" srcset=\"https:\/\/portalpopmais.com.br\/wp-content\/uploads\/2026\/02\/mark-ruffalo-1170x694.jpg 1170w, https:\/\/portalpopmais.com.br\/wp-content\/uploads\/2026\/02\/mark-ruffalo-768x456.jpg 768w, https:\/\/portalpopmais.com.br\/wp-content\/uploads\/2026\/02\/mark-ruffalo-18x10.jpg 18w\" sizes=\"auto, (max-width: 1170px) 100vw, 1170px\" \/><figcaption class=\"wp-element-caption\">Mark Ruffalo &#8211; Foto: Reprodu\u00e7\u00e3o <\/figcaption><\/figure>\n<\/div>\n\n\n<p class=\"wp-block-paragraph\">A manifesta\u00e7\u00e3o ocorre depois que o ator criticou publicamente a proposta de fus\u00e3o entre a Paramount e a Warner Bros. Discovery e relacionou a opera\u00e7\u00e3o empresarial aos neg\u00f3cios da fam\u00edlia Ellison \u2014 ligada \u00e0 Oracle e \u00e0 Paramount \u2014 e ao apoio dado a Israel durante a guerra em Gaza.<\/p>\n\n\n\n<h2 class=\"wp-block-heading\">Entenda a pol\u00eamica<\/h2>\n\n\n\n<p class=\"wp-block-paragraph\">A controv\u00e9rsia come\u00e7ou em 21 de agosto, quando Ruffalo publicou uma s\u00e9rie de mensagens nas redes sociais questionando os impactos da fus\u00e3o para Hollywood.<\/p>\n\n\n\n<p class=\"wp-block-paragraph\">Al\u00e9m de alertar para a concentra\u00e7\u00e3o de poder na ind\u00fastria do entretenimento, o ator afirmou que os v\u00ednculos da fam\u00edlia Ellison com Israel e com empresas de tecnologia militar deveriam fazer parte do debate sobre a opera\u00e7\u00e3o.<\/p>\n\n\n\n<p class=\"wp-block-paragraph\">A Paramount reagiu por meio de um porta-voz, que acusou Ruffalo de recorrer a &#8220;estere\u00f3tipos antissemitas&#8221; ao tratar do assunto.<\/p>\n\n\n\n<p class=\"wp-block-paragraph\">As declara\u00e7\u00f5es tamb\u00e9m foram criticadas por entidades como o <strong>Simon Wiesenthal Center<\/strong> e a <strong>Creative Community for Peace<\/strong>. J\u00e1 os produtores <strong>Haim Saban<\/strong>, <strong>Teddy Schwarzman<\/strong> e <strong>Lawrence Bender<\/strong> afirmaram que seria inadequado associar uma negocia\u00e7\u00e3o empresarial a quest\u00f5es envolvendo judeus, sionismo e antissemitismo.<\/p>\n\n\n\n<p class=\"wp-block-paragraph\">Ruffalo negou qualquer motiva\u00e7\u00e3o antissemita.<\/p>\n\n\n\n<p class=\"wp-block-paragraph\">Segundo o ator, a acusa\u00e7\u00e3o \u00e9 &#8220;terr\u00edvel e fundamentalmente desonesta&#8221;, acrescentando que criticar o governo israelense, contratos militares ou executivos ligados a esses neg\u00f3cios n\u00e3o significa atacar o povo judeu.<\/p>\n\n\n\n<h2 class=\"wp-block-heading\">Carta afirma que acusa\u00e7\u00f5es tentam silenciar cr\u00edticas<\/h2>\n\n\n\n<p class=\"wp-block-paragraph\">Os mais de 180 signat\u00e1rios afirmam que as cr\u00edticas dirigidas a Ruffalo buscam deslegitimar debates sobre Gaza, concentra\u00e7\u00e3o de poder econ\u00f4mico e intelig\u00eancia artificial.<\/p>\n\n\n\n<p class=\"wp-block-paragraph\">O documento sustenta que apontar conex\u00f5es entre os acontecimentos em Gaza e as transforma\u00e7\u00f5es em Hollywood &#8220;\u00e9 exatamente o oposto do antissemitismo&#8221; e defende que essa postura representa um dever \u00e9tico para muitos judeus.<\/p>\n\n\n\n<p class=\"wp-block-paragraph\">Al\u00e9m da carta coletiva, o diretor <strong>Jonathan Glazer<\/strong> divulgou uma declara\u00e7\u00e3o afirmando que acusar Ruffalo de antissemitismo por questionar uma grande fus\u00e3o empresarial representa uma tentativa de silenciar cr\u00edticas leg\u00edtimas.<\/p>\n\n\n\n<p class=\"wp-block-paragraph\">O dramaturgo e cineasta <strong>Kenneth Lonergan<\/strong> classificou a acusa\u00e7\u00e3o como &#8220;flagrantemente absurda&#8221;, enquanto a atriz <strong>Hannah Einbinder<\/strong> tamb\u00e9m manifestou apoio ao ator.<\/p>\n\n\n\n<h2 class=\"wp-block-heading\">George Clooney sai em defesa de Ruffalo<\/h2>\n\n\n\n<p class=\"wp-block-paragraph\">Durante uma coletiva de imprensa no Festival de Veneza, nesta quarta-feira (2), o ator <strong>George Clooney<\/strong> tamb\u00e9m comentou o caso.<\/p>\n\n\n\n<blockquote class=\"wp-block-quote is-layout-flow wp-block-quote-is-layout-flow\">\n<p class=\"wp-block-paragraph\">&#8220;Eu acredito na liberdade de express\u00e3o. Isso faz parte do funcionamento de uma democracia. Sempre vou apoiar a capacidade de Mark Ruffalo de falar livremente&#8221;, afirmou.<\/p>\n<\/blockquote>\n\n\n\n<p class=\"wp-block-paragraph\">A declara\u00e7\u00e3o foi registrada e divulgada pelo portal <strong>Deadline<\/strong> na rede social X.<\/p>\n\n\n\n<figure class=\"wp-block-embed is-type-rich is-provider-x wp-block-embed-x\"><div class=\"wp-block-embed__wrapper\">\n<blockquote class=\"twitter-tweet\" data-width=\"550\" data-dnt=\"true\"><p lang=\"en\" dir=\"ltr\">George Clooney says \u201cI support Mark Ruffalo\u2019s ability to speak freely\u201d at the <a href=\"https:\/\/x.com\/hashtag\/VeniceFilmFestival?src=hash&amp;ref_src=twsrc%5Etfw\">#VeniceFilmFestival<\/a>. <br><br>This comes after Ruffalo was accused of antisemitism by a Paramount spokesperson for highlighting the Ellison family\u2019s connection to the Israeli state and its military apparatus <a href=\"https:\/\/t.co\/rRDle1lANX\">pic.twitter.com\/rRDle1lANX<\/a><\/p>&mdash; Deadline (@DEADLINE) <a href=\"https:\/\/x.com\/DEADLINE\/status\/2095109122815348789?ref_src=twsrc%5Etfw\">September 2, 2026<\/a><\/blockquote><script async src=\"https:\/\/platform.x.com\/widgets.js\" charset=\"utf-8\"><\/script>\n<\/div><\/figure>\n\n\n\n<h1 class=\"wp-block-heading\">Leia a \u00edntegra da carta (tradu\u00e7\u00e3o livre)<\/h1>\n\n\n\n<p class=\"wp-block-paragraph\"><em>A fus\u00e3o proposta entre a Paramount e a Warner Brothers Discovery n\u00e3o \u00e9 uma mera combina\u00e7\u00e3o de duas grandes empresas multinacionais.<\/em><\/p>\n\n\n\n<p class=\"wp-block-paragraph\"><em>Sim, ela destruir\u00e1 milhares e milhares de empregos. Sim, ela consolidar\u00e1 ainda mais o controle olig\u00e1rquico sobre a nossa m\u00eddia (basta ver o desmantelamento da CBS News). Sim, ela sufocar\u00e1 a competi\u00e7\u00e3o e a criatividade na produ\u00e7\u00e3o e distribui\u00e7\u00e3o de filmes e programas de televis\u00e3o.<\/em><\/p>\n\n\n\n<p class=\"wp-block-paragraph\"><em>Mas tudo isso e muito mais ser\u00e1 feito como parte de um projeto maior de domina\u00e7\u00e3o tecnol\u00f3gica, um projeto que Larry Ellison e seus parceiros nunca hesitaram em alardear \u2014 e que eles pr\u00f3prios vincularam explicitamente ao seu apoio \u00e0s depreda\u00e7\u00f5es cont\u00ednuas infligidas ao povo palestino e ao silenciamento dos cr\u00edticos desses horrores.<\/em><\/p>\n\n\n\n<p class=\"wp-block-paragraph\"><em>Todos vimos isso ap\u00f3s a aquisi\u00e7\u00e3o do TikTok, intermediada por Trump \u2014 uma aquisi\u00e7\u00e3o que eles declararam abertamente ter sido motivada, em grande parte, pelo desejo de impulsionar a propaganda pr\u00f3-Israel. Larry Ellison, pessoalmente, com seus impressionantes US$ 350 milh\u00f5es em financiamento e promessas de doa\u00e7\u00e3o ao Instituto Tony Blair para a Mudan\u00e7a Global, tem sido o principal apoiador de Blair, que assume um papel influente na tomada de Gaza, arquitetada por Trump, atrav\u00e9s do &#8220;Conselho da Paz&#8221;, um territ\u00f3rio que se tornou um laborat\u00f3rio a c\u00e9u aberto para tecnologias de controle e assassinato baseadas em intelig\u00eancia artificial, como as celebradas pela ex-CEO da Oracle (e atual membro do conselho da Oracle e da Paramount), Safra Catz.<\/em><\/p>\n\n\n\n<p class=\"wp-block-paragraph\"><em>O caminho da IA para a WarnerMount passa por Gaza, e Ellison frequentemente nos alerta sobre o mundo orwelliano que ele preparou para n\u00f3s, enquanto consolida o controle sobre o que assistimos e como assistimos, sabendo que, enquanto assistimos, ele e sua comitiva corrupta estar\u00e3o sempre nos observando: &#8220;Os cidad\u00e3os se comportar\u00e3o da melhor maneira poss\u00edvel porque estamos constantemente gravando e relatando.&#8221;<\/em><\/p>\n\n\n\n<p class=\"wp-block-paragraph\"><em>Apontar as conex\u00f5es cruciais entre o que est\u00e1 acontecendo em Gaza e o que est\u00e1 acontecendo em Hollywood \u00e9 exatamente o oposto do antissemitismo. \u00c9, para n\u00f3s, a pr\u00f3pria ess\u00eancia do dever \u00e9tico judaico.<\/em><\/p>\n\n\n\n<p class=\"wp-block-paragraph\"><em>De acordo com uma pesquisa recente do Washington Post, 61% dos judeus americanos agora concordam que Israel est\u00e1 cometendo crimes de guerra em Gaza; e quatro em cada dez concordam que esses crimes equivalem a genoc\u00eddio.<\/em><\/p>\n\n\n\n<p class=\"wp-block-paragraph\"><em>Ser\u00e1 que aqueles que atacam Mark Ruffalo como antissemita realmente acreditam que todos esses judeus americanos tamb\u00e9m s\u00e3o antissemitas? Ou que n\u00e3o vemos a conex\u00e3o entre, por um lado, a impunidade criminosa que levou os EUA e Israel a um desastre sem fim e, por outro, as manobras olig\u00e1rquicas de poder dos Musks, Ellisons, Thiels e outros que est\u00e3o trabalhando para desmantelar nossa democracia?<\/em><\/p>\n\n\n\n<p class=\"wp-block-paragraph\"><em>Mas a virul\u00eancia e a falsidade das cal\u00fanias que dirigem aos seus cr\u00edticos evidenciam a crescente fragilidade da sua posi\u00e7\u00e3o, baseada em insinua\u00e7\u00f5es.<\/em><\/p>\n\n\n\n<p class=\"wp-block-paragraph\"><em>Hoje, cada vez mais pessoas de consci\u00eancia unem-se para proclamar, em voz alta e un\u00edvoca:<\/em><\/p>\n\n\n\n<p class=\"wp-block-paragraph\"><em>&#8220;Acabou o tempo de se recorrer a acusa\u00e7\u00f5es esp\u00farias de antissemitismo, desta vez em defesa da guerra, da oligarquia e da domina\u00e7\u00e3o da intelig\u00eancia artificial. Essa estrat\u00e9gia desgastada j\u00e1 n\u00e3o funciona mais.&#8221;<\/em><\/p>\n\n\n\n<p class=\"wp-block-paragraph\"><em>Apoiamos com orgulho Mark Ruffalo e todas as pessoas decentes que est\u00e3o corajosamente se levantando e dizendo a verdade ao poder.<\/em><\/p>","protected":false},"excerpt":{"rendered":"<p>O ator americano Mark Ruffalo, de 58 anos, recebeu o apoio p\u00fablico de mais de 180 artistas, cineastas, intelectuais e profissionais judeus da ind\u00fastria do entretenimento ap\u00f3s ser acusado de antissemitismo pela Paramount. Entre os signat\u00e1rios da carta est\u00e3o nomes de destaque como Joaquin Phoenix, Jonathan Glazer, Joel Coen, Todd Haynes, Kenneth Lonergan e Hannah [&hellip;]<\/p>\n","protected":false},"author":1,"featured_media":306592,"comment_status":"closed","ping_status":"closed","sticky":false,"template":"","format":"standard","meta":{"footnotes":""},"categories":[173],"tags":[2622],"class_list":["post-306593","post","type-post","status-publish","format-standard","has-post-thumbnail","hentry","category-celebridades","tag-mark-ruffalo"],"_links":{"self":[{"href":"https:\/\/portalpopmais.com.br\/en\/wp-json\/wp\/v2\/posts\/306593","targetHints":{"allow":["GET"]}}],"collection":[{"href":"https:\/\/portalpopmais.com.br\/en\/wp-json\/wp\/v2\/posts"}],"about":[{"href":"https:\/\/portalpopmais.com.br\/en\/wp-json\/wp\/v2\/types\/post"}],"author":[{"embeddable":true,"href":"https:\/\/portalpopmais.com.br\/en\/wp-json\/wp\/v2\/users\/1"}],"replies":[{"embeddable":true,"href":"https:\/\/portalpopmais.com.br\/en\/wp-json\/wp\/v2\/comments?post=306593"}],"version-history":[{"count":2,"href":"https:\/\/portalpopmais.com.br\/en\/wp-json\/wp\/v2\/posts\/306593\/revisions"}],"predecessor-version":[{"id":306595,"href":"https:\/\/portalpopmais.com.br\/en\/wp-json\/wp\/v2\/posts\/306593\/revisions\/306595"}],"wp:featuredmedia":[{"embeddable":true,"href":"https:\/\/portalpopmais.com.br\/en\/wp-json\/wp\/v2\/media\/306592"}],"wp:attachment":[{"href":"https:\/\/portalpopmais.com.br\/en\/wp-json\/wp\/v2\/media?parent=306593"}],"wp:term":[{"taxonomy":"category","embeddable":true,"href":"https:\/\/portalpopmais.com.br\/en\/wp-json\/wp\/v2\/categories?post=306593"},{"taxonomy":"post_tag","embeddable":true,"href":"https:\/\/portalpopmais.com.br\/en\/wp-json\/wp\/v2\/tags?post=306593"}],"curies":[{"name":"wp","href":"https:\/\/api.w.org\/{rel}","templated":true}]}}