{"id":306603,"date":"2026-09-03T08:00:00","date_gmt":"2026-09-03T11:00:00","guid":{"rendered":"https:\/\/portalpopmais.com.br\/?p=306603"},"modified":"2026-09-03T06:25:31","modified_gmt":"2026-09-03T09:25:31","slug":"supernanny-cris-poli-emociona-ao-falar-sobre-a-morte-de-um-dos-filhos-vitima-de-cancer","status":"publish","type":"post","link":"https:\/\/portalpopmais.com.br\/en\/supernanny-cris-poli-emociona-ao-falar-sobre-a-morte-de-um-dos-filhos-vitima-de-cancer\/","title":{"rendered":"Supernanny, Cris Poli, emociona ao falar sobre a morte de um dos filhos v\u00edtima de c\u00e2ncer"},"content":{"rendered":"<p class=\"wp-block-paragraph\">A pedagoga Cris Poli, conhecida nacionalmente por comandar o programa <strong>Supernanny<\/strong>, abriu o cora\u00e7\u00e3o ao falar sobre um dos momentos mais dif\u00edceis de sua vida: a perda de um de seus tr\u00eas filhos em decorr\u00eancia de um c\u00e2ncer. Em entrevista ao programa <em>Sensacional<\/em>, da RedeTV!, apresentado por Daniela Albuquerque, a educadora relatou como tem enfrentado o luto ao lado da fam\u00edlia.<\/p>\n\n\n\n<p class=\"wp-block-paragraph\">Visivelmente emocionada, Cris revelou que o filho enfrentava uma batalha contra a doen\u00e7a e destacou que nenhuma m\u00e3e est\u00e1 preparada para viver uma perda como essa.<\/p>\n\n\n\n<blockquote class=\"wp-block-quote is-layout-flow wp-block-quote-is-layout-flow\">\n<p class=\"wp-block-paragraph\">&#8220;Ele estava doente, estava com c\u00e2ncer. \u00c9 muito dif\u00edcil para uma m\u00e3e. A gente n\u00e3o est\u00e1 preparada para isso&#8221;, desabafou.<\/p>\n<\/blockquote>\n\n\n\n<p class=\"wp-block-paragraph\">A argentina, casada com Luciano Poli e m\u00e3e de Esteban, Luciano e Federico, preferiu n\u00e3o revelar qual dos filhos faleceu durante a entrevista.<\/p>\n\n\n\n<p class=\"wp-block-paragraph\">Ao falar sobre a dor da despedida, Cris refletiu sobre a ordem natural da vida e afirmou que a morte de um filho representa um sofrimento dif\u00edcil de ser explicado.<\/p>\n\n\n\n<blockquote class=\"wp-block-quote is-layout-flow wp-block-quote-is-layout-flow\">\n<p class=\"wp-block-paragraph\">&#8220;A lei da vida n\u00e3o \u00e9 essa. A lei da vida \u00e9 a gente ir embora primeiro. Acho que n\u00e3o existem palavras para confrontar um cora\u00e7\u00e3o de uma m\u00e3e que passa por isso&#8221;, afirmou.<\/p>\n<\/blockquote>\n\n\n\n<p class=\"wp-block-paragraph\">Apesar da dor, a pedagoga contou que encontrou na f\u00e9 um importante suporte para enfrentar o momento delicado. Segundo ela, o apoio espiritual tem fortalecido n\u00e3o apenas sua vida, mas tamb\u00e9m a do marido, dos filhos e dos netos.<\/p>\n\n\n\n<blockquote class=\"wp-block-quote is-layout-flow wp-block-quote-is-layout-flow\">\n<p class=\"wp-block-paragraph\">&#8220;Isso tem feito uma diferen\u00e7a muito grande na nossa vida. Tem ajudado a todos, n\u00e3o somente a mim. Meu marido, meus filhos tamb\u00e9m, meus netos. Doen\u00e7a \u00e9 uma coisa que ningu\u00e9m est\u00e1 preparado para enfrentar, como o c\u00e2ncer. Essas coisas s\u00e3o muito ruins, muito sofrimento&#8221;, declarou.<\/p>\n<\/blockquote>\n\n\n\n<p class=\"wp-block-paragraph\">Cris tamb\u00e9m ressaltou que a tristeza faz parte do processo de luto e que, mesmo com a f\u00e9, a dor da perda permanece.<\/p>\n\n\n\n<blockquote class=\"wp-block-quote is-layout-flow wp-block-quote-is-layout-flow\">\n<p class=\"wp-block-paragraph\">&#8220;N\u00e3o d\u00e1 para evitar isso, porque \u00e9 um filho. Mas voc\u00ea consegue enfrentar tudo isso de uma maneira diferente&#8221;, completou.<\/p>\n<\/blockquote>\n\n\n\n<h2 class=\"wp-block-heading\">Trajet\u00f3ria na televis\u00e3o<\/h2>\n\n\n\n<p class=\"wp-block-paragraph\">Cris Poli ganhou proje\u00e7\u00e3o nacional ao comandar o reality <strong>Supernanny<\/strong>, exibido pelo SBT entre 2006 e 2014. No programa, ela orientava pais e respons\u00e1veis na educa\u00e7\u00e3o e no desenvolvimento infantil, tornando-se uma das maiores refer\u00eancias brasileiras no tema.<\/p>\n\n\n\n<p class=\"wp-block-paragraph\">Natural de Buenos Aires, na Argentina, Cris \u00e9 formada em Educa\u00e7\u00e3o pelo Instituto Nacional Superior do Professorado em L\u00ednguas Vivas Isaac Augusto Juan Ram\u00f3n Fern\u00e1ndez. Tamb\u00e9m concluiu a licenciatura em Letras Ingl\u00eas-Portugu\u00eas pela Universidade de S\u00e3o Paulo (USP) e \u00e9 autora de seis livros voltados \u00e0 educa\u00e7\u00e3o e \u00e0 forma\u00e7\u00e3o de fam\u00edlias.<\/p>","protected":false},"excerpt":{"rendered":"<p>A pedagoga Cris Poli, conhecida nacionalmente por comandar o programa Supernanny, abriu o cora\u00e7\u00e3o ao falar sobre um dos momentos mais dif\u00edceis de sua vida: a perda de um de seus tr\u00eas filhos em decorr\u00eancia de um c\u00e2ncer. Em entrevista ao programa Sensacional, da RedeTV!, apresentado por Daniela Albuquerque, a educadora relatou como tem enfrentado [&hellip;]<\/p>\n","protected":false},"author":2,"featured_media":306604,"comment_status":"closed","ping_status":"closed","sticky":false,"template":"","format":"standard","meta":{"footnotes":""},"categories":[173],"tags":[21916],"class_list":["post-306603","post","type-post","status-publish","format-standard","has-post-thumbnail","hentry","category-celebridades","tag-cris-poli"],"_links":{"self":[{"href":"https:\/\/portalpopmais.com.br\/en\/wp-json\/wp\/v2\/posts\/306603","targetHints":{"allow":["GET"]}}],"collection":[{"href":"https:\/\/portalpopmais.com.br\/en\/wp-json\/wp\/v2\/posts"}],"about":[{"href":"https:\/\/portalpopmais.com.br\/en\/wp-json\/wp\/v2\/types\/post"}],"author":[{"embeddable":true,"href":"https:\/\/portalpopmais.com.br\/en\/wp-json\/wp\/v2\/users\/2"}],"replies":[{"embeddable":true,"href":"https:\/\/portalpopmais.com.br\/en\/wp-json\/wp\/v2\/comments?post=306603"}],"version-history":[{"count":1,"href":"https:\/\/portalpopmais.com.br\/en\/wp-json\/wp\/v2\/posts\/306603\/revisions"}],"predecessor-version":[{"id":306605,"href":"https:\/\/portalpopmais.com.br\/en\/wp-json\/wp\/v2\/posts\/306603\/revisions\/306605"}],"wp:featuredmedia":[{"embeddable":true,"href":"https:\/\/portalpopmais.com.br\/en\/wp-json\/wp\/v2\/media\/306604"}],"wp:attachment":[{"href":"https:\/\/portalpopmais.com.br\/en\/wp-json\/wp\/v2\/media?parent=306603"}],"wp:term":[{"taxonomy":"category","embeddable":true,"href":"https:\/\/portalpopmais.com.br\/en\/wp-json\/wp\/v2\/categories?post=306603"},{"taxonomy":"post_tag","embeddable":true,"href":"https:\/\/portalpopmais.com.br\/en\/wp-json\/wp\/v2\/tags?post=306603"}],"curies":[{"name":"wp","href":"https:\/\/api.w.org\/{rel}","templated":true}]}}