{"id":306606,"date":"2026-09-03T06:38:33","date_gmt":"2026-09-03T09:38:33","guid":{"rendered":"https:\/\/portalpopmais.com.br\/?p=306606"},"modified":"2026-09-03T06:38:59","modified_gmt":"2026-09-03T09:38:59","slug":"ex-astro-de-reality-da-mtv-assume-novo-romance-apos-se-declarar-ex-gay","status":"publish","type":"post","link":"https:\/\/portalpopmais.com.br\/en\/ex-astro-de-reality-da-mtv-assume-novo-romance-apos-se-declarar-ex-gay\/","title":{"rendered":"Ex-astro de reality da MTV assume novo romance ap\u00f3s se declarar &#8216;ex-gay&#8217;"},"content":{"rendered":"<p class=\"wp-block-paragraph\">O m\u00fasico norte-americano Davis Mallory, de 43 anos, conhecido por participar do reality <strong>The Real World: Denver<\/strong>, da MTV, assumiu publicamente o relacionamento com Rachel Vaughan. O casal compartilhou registros rom\u00e2nticos durante uma viagem, com fotos em que aparecem abra\u00e7ados e trocando beijos.<\/p>\n\n\n\n<p class=\"wp-block-paragraph\">Na legenda da publica\u00e7\u00e3o, Mallory celebrou o momento. &#8220;\u00c9 incr\u00edvel o que o amor pode fazer. Eu te amo, Rachel&#8221;, escreveu. Rachel tamb\u00e9m declarou seu carinho ao m\u00fasico: &#8220;Grata por novas mem\u00f3rias que um dia se tornar\u00e3o fotografias antigas&#8221;.<\/p>\n\n\n<div class=\"wp-block-image\">\n<figure class=\"aligncenter size-full\"><img loading=\"lazy\" decoding=\"async\" width=\"1000\" height=\"1333\" src=\"https:\/\/portalpopmais.com.br\/wp-content\/uploads\/2026\/09\/davismallory-2026-08-30t170714.000z-14.jpg\" alt=\"davismallory 2026 08 30t170714.000z 14\" class=\"wp-image-306609\" title=\"\" srcset=\"https:\/\/portalpopmais.com.br\/wp-content\/uploads\/2026\/09\/davismallory-2026-08-30t170714.000z-14.jpg 1000w, https:\/\/portalpopmais.com.br\/wp-content\/uploads\/2026\/09\/davismallory-2026-08-30t170714.000z-14-768x1024.jpg 768w, https:\/\/portalpopmais.com.br\/wp-content\/uploads\/2026\/09\/davismallory-2026-08-30t170714.000z-14-9x12.jpg 9w\" sizes=\"auto, (max-width: 1000px) 100vw, 1000px\" \/><figcaption class=\"wp-element-caption\">Reprodu\u00e7\u00e3o<\/figcaption><\/figure>\n<\/div>\n\n\n<p class=\"wp-block-paragraph\">Segundo o site TMZ, os dois se conheceram em 2022, quando Davis trabalhava como DJ em um casamento. A amizade evoluiu ap\u00f3s viagens que fizeram juntos, mas o relacionamento amoroso s\u00f3 come\u00e7ou oficialmente no m\u00eas passado, de acordo com o pr\u00f3prio cantor.<\/p>\n\n\n\n<p class=\"wp-block-paragraph\">A nova fase da vida pessoal de Mallory acontece cerca de um ano ap\u00f3s ele afirmar publicamente que n\u00e3o se identifica mais como gay. Em um v\u00eddeo publicado nas redes sociais em 2025, o artista disse que sua mudan\u00e7a ocorreu por causa da f\u00e9 crist\u00e3 e declarou acreditar que Deus transformou sua vida.<\/p>\n\n\n\n<p class=\"wp-block-paragraph\">&#8220;Tive um estilo de vida gay por cerca de 20 anos. Participei do <em>The Real World<\/em> como um crist\u00e3o gay, mas Deus realmente me tirou desse estilo de vida h\u00e1 um ano&#8221;, afirmou na ocasi\u00e3o.<\/p>\n\n\n\n<p class=\"wp-block-paragraph\">Durante o relato, Mallory contou que passou por uma experi\u00eancia espiritual que, segundo ele, mudou sua perspectiva. &#8220;Ele come\u00e7ou a falar comigo em meus sonhos e a me mostrar a batalha espiritual que eu estava enfrentando&#8221;, disse.<\/p>\n\n\n\n<p class=\"wp-block-paragraph\">O m\u00fasico tamb\u00e9m relembrou que, ao participar do reality, buscava representar positivamente homens gays, especialmente por sentir falta desse tipo de refer\u00eancia durante sua juventude. Segundo ele, ao longo dos anos recebeu mensagens de espectadores que disseram ter encontrado coragem para assumir sua orienta\u00e7\u00e3o sexual ap\u00f3s acompanharem sua trajet\u00f3ria no programa.<\/p>\n\n\n\n<p class=\"wp-block-paragraph\">Al\u00e9m de <strong>The Real World: Denver<\/strong>, Davis Mallory tamb\u00e9m participou de tr\u00eas temporadas do reality <strong>The Challenge<\/strong>, ambos exibidos pela MTV. Seu posicionamento sobre identidade sexual gerou ampla repercuss\u00e3o e debates nas redes sociais, especialmente entre f\u00e3s e integrantes da comunidade LGBTQIA+, que discutiram as declara\u00e7\u00f5es feitas pelo artista ao longo dos \u00faltimos anos.<\/p>\n\n\n\n<p class=\"wp-block-paragraph\"><\/p>","protected":false},"excerpt":{"rendered":"<p>O m\u00fasico norte-americano Davis Mallory, de 43 anos, conhecido por participar do reality The Real World: Denver, da MTV, assumiu publicamente o relacionamento com Rachel Vaughan. O casal compartilhou registros rom\u00e2nticos durante uma viagem, com fotos em que aparecem abra\u00e7ados e trocando beijos. Na legenda da publica\u00e7\u00e3o, Mallory celebrou o momento. &#8220;\u00c9 incr\u00edvel o que [&hellip;]<\/p>\n","protected":false},"author":2,"featured_media":306608,"comment_status":"closed","ping_status":"closed","sticky":false,"template":"","format":"standard","meta":{"footnotes":""},"categories":[173],"tags":[21917],"class_list":["post-306606","post","type-post","status-publish","format-standard","has-post-thumbnail","hentry","category-celebridades","tag-davis-mallory"],"_links":{"self":[{"href":"https:\/\/portalpopmais.com.br\/en\/wp-json\/wp\/v2\/posts\/306606","targetHints":{"allow":["GET"]}}],"collection":[{"href":"https:\/\/portalpopmais.com.br\/en\/wp-json\/wp\/v2\/posts"}],"about":[{"href":"https:\/\/portalpopmais.com.br\/en\/wp-json\/wp\/v2\/types\/post"}],"author":[{"embeddable":true,"href":"https:\/\/portalpopmais.com.br\/en\/wp-json\/wp\/v2\/users\/2"}],"replies":[{"embeddable":true,"href":"https:\/\/portalpopmais.com.br\/en\/wp-json\/wp\/v2\/comments?post=306606"}],"version-history":[{"count":2,"href":"https:\/\/portalpopmais.com.br\/en\/wp-json\/wp\/v2\/posts\/306606\/revisions"}],"predecessor-version":[{"id":306610,"href":"https:\/\/portalpopmais.com.br\/en\/wp-json\/wp\/v2\/posts\/306606\/revisions\/306610"}],"wp:featuredmedia":[{"embeddable":true,"href":"https:\/\/portalpopmais.com.br\/en\/wp-json\/wp\/v2\/media\/306608"}],"wp:attachment":[{"href":"https:\/\/portalpopmais.com.br\/en\/wp-json\/wp\/v2\/media?parent=306606"}],"wp:term":[{"taxonomy":"category","embeddable":true,"href":"https:\/\/portalpopmais.com.br\/en\/wp-json\/wp\/v2\/categories?post=306606"},{"taxonomy":"post_tag","embeddable":true,"href":"https:\/\/portalpopmais.com.br\/en\/wp-json\/wp\/v2\/tags?post=306606"}],"curies":[{"name":"wp","href":"https:\/\/api.w.org\/{rel}","templated":true}]}}