{"id":306623,"date":"2026-09-03T08:54:00","date_gmt":"2026-09-03T11:54:00","guid":{"rendered":"https:\/\/portalpopmais.com.br\/?p=306623"},"modified":"2026-09-03T09:22:58","modified_gmt":"2026-09-03T12:22:58","slug":"gloria-steinem-um-dos-maiores-icones-do-feminismo-mundial-morre-aos-92-anos","status":"publish","type":"post","link":"https:\/\/portalpopmais.com.br\/en\/gloria-steinem-um-dos-maiores-icones-do-feminismo-mundial-morre-aos-92-anos\/","title":{"rendered":"Gloria Steinem, um dos maiores \u00edcones do feminismo mundial, morre aos 92 anos"},"content":{"rendered":"<p class=\"wp-block-paragraph\">A jornalista e ativista norte-americana Gloria Steinem, uma das principais refer\u00eancias do movimento feminista contempor\u00e2neo, morreu aos 92 anos, em Nova York. A informa\u00e7\u00e3o foi confirmada nesta quinta-feira (3) pela Funda\u00e7\u00e3o Gloria Steinem.<\/p>\n\n\n\n<p class=\"wp-block-paragraph\">Segundo a institui\u00e7\u00e3o, a ativista faleceu de forma pac\u00edfica na quarta-feira (2), em sua resid\u00eancia, cercada por familiares e amigos. A causa da morte n\u00e3o foi divulgada.<\/p>\n\n\n\n<p class=\"wp-block-paragraph\">Em nota, a funda\u00e7\u00e3o destacou o legado da jornalista. &#8220;Ontem, Gloria Steinem faleceu pacificamente em sua casa na cidade de Nova York, cercada por algumas das muitas pessoas que a amavam. O quase um s\u00e9culo de vida de Gloria foi bem vivido, e ela continuou trabalhando pela igualdade at\u00e9 o fim.&#8221;<\/p>\n\n\n<div class=\"wp-block-image\">\n<figure class=\"aligncenter size-full\"><img loading=\"lazy\" decoding=\"async\" width=\"600\" height=\"405\" src=\"https:\/\/portalpopmais.com.br\/wp-content\/uploads\/2026\/09\/ap26246399208121.jpg\" alt=\"ap26246399208121\" class=\"wp-image-306624\" title=\"\" srcset=\"https:\/\/portalpopmais.com.br\/wp-content\/uploads\/2026\/09\/ap26246399208121.jpg 600w, https:\/\/portalpopmais.com.br\/wp-content\/uploads\/2026\/09\/ap26246399208121-18x12.jpg 18w\" sizes=\"auto, (max-width: 600px) 100vw, 600px\" \/><figcaption class=\"wp-element-caption\">Reprodu\u00e7\u00e3o<\/figcaption><\/figure>\n<\/div>\n\n\n<p class=\"wp-block-paragraph\">Ao longo de mais de cinco d\u00e9cadas, Steinem tornou-se uma das vozes mais influentes na defesa dos direitos das mulheres, lutando pela igualdade de g\u00eanero, pelos direitos reprodutivos e por uma maior participa\u00e7\u00e3o feminina na pol\u00edtica.<\/p>\n\n\n\n<h2 class=\"wp-block-heading\">Trajet\u00f3ria no jornalismo e no ativismo<\/h2>\n\n\n\n<p class=\"wp-block-paragraph\">Fundadora da revista <em>Ms.<\/em>, lan\u00e7ada na d\u00e9cada de 1970 e considerada um marco da imprensa feminista, Gloria Steinem ganhou proje\u00e7\u00e3o durante a chamada segunda onda do feminismo nos Estados Unidos, no fim da d\u00e9cada de 1960.<\/p>\n\n\n\n<p class=\"wp-block-paragraph\">Antes de se tornar um dos principais rostos do movimento, construiu carreira no jornalismo. Em 1963, chamou aten\u00e7\u00e3o ao publicar uma reportagem investigativa sobre as condi\u00e7\u00f5es de trabalho no imp\u00e9rio da revista <em>Playboy<\/em>, de Hugh Hefner, ap\u00f3s atuar disfar\u00e7ada como funcion\u00e1ria.<\/p>\n\n\n\n<p class=\"wp-block-paragraph\">Anos depois, revelou que sua entrada definitiva no ativismo ocorreu depois de ter diversas reportagens sobre feminismo rejeitadas pelos ve\u00edculos onde trabalhava. Em entrevista \u00e0 ag\u00eancia Associated Press, em 2015, afirmou que teria permanecido apenas como jornalista se os editores tivessem permitido que escrevesse sobre o tema.<\/p>\n\n\n\n<p class=\"wp-block-paragraph\">&#8220;Ent\u00e3o, acabei saindo para falar em p\u00fablico, o que era o meu pesadelo&#8221;, relembrou.<\/p>\n\n\n<div class=\"wp-block-image\">\n<figure class=\"aligncenter size-full\"><img loading=\"lazy\" decoding=\"async\" width=\"600\" height=\"450\" src=\"https:\/\/portalpopmais.com.br\/wp-content\/uploads\/2026\/09\/gloriasteinem3.jpg\" alt=\"gloriasteinem3\" class=\"wp-image-306625\" title=\"\" srcset=\"https:\/\/portalpopmais.com.br\/wp-content\/uploads\/2026\/09\/gloriasteinem3.jpg 600w, https:\/\/portalpopmais.com.br\/wp-content\/uploads\/2026\/09\/gloriasteinem3-16x12.jpg 16w\" sizes=\"auto, (max-width: 600px) 100vw, 600px\" \/><figcaption class=\"wp-element-caption\">Reprodu\u00e7\u00e3o <\/figcaption><\/figure>\n<\/div>\n\n\n<h2 class=\"wp-block-heading\">Defesa dos direitos das mulheres<\/h2>\n\n\n\n<p class=\"wp-block-paragraph\">Steinem sempre apontou a luta pelo direito ao aborto como um dos momentos decisivos de sua milit\u00e2ncia. Ela pr\u00f3pria revelou ter realizado um aborto clandestino aos 22 anos, experi\u00eancia que influenciou profundamente sua atua\u00e7\u00e3o pol\u00edtica.<\/p>\n\n\n\n<p class=\"wp-block-paragraph\">&#8220;Ou o controle sobre nossos pr\u00f3prios corpos \u00e9 igualit\u00e1rio, independentemente de sexo ou ra\u00e7a, ou n\u00e3o estamos vivendo em uma democracia&#8221;, afirmou.<\/p>\n\n\n\n<p class=\"wp-block-paragraph\">Durante d\u00e9cadas, percorreu universidades, centros comunit\u00e1rios, manifesta\u00e7\u00f5es e confer\u00eancias defendendo os direitos das mulheres. Nos \u00faltimos anos, passou a promover encontros e rodas de conversa em sua pr\u00f3pria casa, reunindo centenas de pessoas para discutir igualdade de g\u00eanero e justi\u00e7a social.<\/p>\n\n\n\n<p class=\"wp-block-paragraph\">Para Steinem, o contato humano era essencial para promover mudan\u00e7as.<\/p>\n\n\n\n<p class=\"wp-block-paragraph\">&#8220;N\u00e3o d\u00e1 para fazer isso por telefone ou pela internet. \u00c9 preciso estar presente com todos os cinco sentidos. As pessoas n\u00e3o conseguem sentir empatia umas pelas outras a menos que estejam no mesmo ambiente&#8221;, disse em entrevista \u00e0 Associated Press.<\/p>\n\n\n\n<h2 class=\"wp-block-heading\">Legado que atravessou gera\u00e7\u00f5es<\/h2>\n\n\n\n<p class=\"wp-block-paragraph\">Mesmo ap\u00f3s os 80 anos, Gloria Steinem manteve uma intensa agenda de viagens e palestras ao redor do mundo, defendendo causas como o combate \u00e0 mutila\u00e7\u00e3o genital feminina, a paz internacional e, principalmente, a igualdade entre homens e mulheres.<\/p>\n\n\n\n<p class=\"wp-block-paragraph\">Uma de suas frases mais conhecidas resume sua vis\u00e3o sobre o feminismo:<\/p>\n\n\n\n<p class=\"wp-block-paragraph\">&#8220;Ser feminista significa ver o mundo como um todo, em vez de apenas a metade. Isso n\u00e3o deveria precisar de um nome e, um dia, n\u00e3o precisar\u00e1.&#8221;<\/p>\n\n\n\n<p class=\"wp-block-paragraph\">Sua influ\u00eancia tamb\u00e9m alcan\u00e7ou a cultura e as artes. Aos 83 anos, participou de seu primeiro desfile de moda como convidada do estilista Prabal Gurung. Pouco depois de completar 85 anos, foi homenageada em uma pe\u00e7a off-Broadway inspirada em sua trajet\u00f3ria, onde conduziu uma roda de conversa com mulheres que compartilharam hist\u00f3rias de supera\u00e7\u00e3o e discrimina\u00e7\u00e3o.<\/p>\n\n\n\n<p class=\"wp-block-paragraph\">Em 2020, sua vida foi retratada no filme <em>The Glorias<\/em>, estrelado por Julianne Moore e baseado em suas mem\u00f3rias publicadas em 2015.<\/p>\n\n\n\n<p class=\"wp-block-paragraph\">Com uma trajet\u00f3ria marcada pela defesa incans\u00e1vel dos direitos das mulheres, Gloria Steinem deixa um legado que influenciou gera\u00e7\u00f5es de ativistas e ajudou a transformar o debate sobre igualdade de g\u00eanero em todo o mundo.<\/p>","protected":false},"excerpt":{"rendered":"<p>A jornalista e ativista norte-americana Gloria Steinem, uma das principais refer\u00eancias do movimento feminista contempor\u00e2neo, morreu aos 92 anos, em Nova York. A informa\u00e7\u00e3o foi confirmada nesta quinta-feira (3) pela Funda\u00e7\u00e3o Gloria Steinem. Segundo a institui\u00e7\u00e3o, a ativista faleceu de forma pac\u00edfica na quarta-feira (2), em sua resid\u00eancia, cercada por familiares e amigos. A causa [&hellip;]<\/p>\n","protected":false},"author":1,"featured_media":306627,"comment_status":"closed","ping_status":"closed","sticky":false,"template":"","format":"standard","meta":{"footnotes":""},"categories":[173],"tags":[18550,21920],"class_list":["post-306623","post","type-post","status-publish","format-standard","has-post-thumbnail","hentry","category-celebridades","tag-destaque","tag-gloria-steinem"],"_links":{"self":[{"href":"https:\/\/portalpopmais.com.br\/en\/wp-json\/wp\/v2\/posts\/306623","targetHints":{"allow":["GET"]}}],"collection":[{"href":"https:\/\/portalpopmais.com.br\/en\/wp-json\/wp\/v2\/posts"}],"about":[{"href":"https:\/\/portalpopmais.com.br\/en\/wp-json\/wp\/v2\/types\/post"}],"author":[{"embeddable":true,"href":"https:\/\/portalpopmais.com.br\/en\/wp-json\/wp\/v2\/users\/1"}],"replies":[{"embeddable":true,"href":"https:\/\/portalpopmais.com.br\/en\/wp-json\/wp\/v2\/comments?post=306623"}],"version-history":[{"count":2,"href":"https:\/\/portalpopmais.com.br\/en\/wp-json\/wp\/v2\/posts\/306623\/revisions"}],"predecessor-version":[{"id":306628,"href":"https:\/\/portalpopmais.com.br\/en\/wp-json\/wp\/v2\/posts\/306623\/revisions\/306628"}],"wp:featuredmedia":[{"embeddable":true,"href":"https:\/\/portalpopmais.com.br\/en\/wp-json\/wp\/v2\/media\/306627"}],"wp:attachment":[{"href":"https:\/\/portalpopmais.com.br\/en\/wp-json\/wp\/v2\/media?parent=306623"}],"wp:term":[{"taxonomy":"category","embeddable":true,"href":"https:\/\/portalpopmais.com.br\/en\/wp-json\/wp\/v2\/categories?post=306623"},{"taxonomy":"post_tag","embeddable":true,"href":"https:\/\/portalpopmais.com.br\/en\/wp-json\/wp\/v2\/tags?post=306623"}],"curies":[{"name":"wp","href":"https:\/\/api.w.org\/{rel}","templated":true}]}}