{"id":306635,"date":"2026-09-03T09:52:58","date_gmt":"2026-09-03T12:52:58","guid":{"rendered":"https:\/\/portalpopmais.com.br\/?p=306635"},"modified":"2026-09-03T09:53:01","modified_gmt":"2026-09-03T12:53:01","slug":"sbt-descarta-programa-patricia-abravanel","status":"publish","type":"post","link":"https:\/\/portalpopmais.com.br\/en\/sbt-descarta-programa-patricia-abravanel\/","title":{"rendered":"SBT descarta de vez programa fracassado de Patr\u00edcia Abravanel; veja"},"content":{"rendered":"<p class=\"wp-block-paragraph\">O <a href=\"https:\/\/portalpopmais.com.br\/en\/trends\/sbt\/\" data-type=\"post_tag\" data-id=\"403\">SBT<\/a> decidiu n\u00e3o retomar a produ\u00e7\u00e3o do <strong>&#8220;Vem Pra C\u00e1&#8221;<\/strong>, programa matinal que foi apresentado por Patr\u00edcia Abravanel entre 2021 e 2022. A decis\u00e3o coloca fim aos rumores de que a atra\u00e7\u00e3o poderia voltar \u00e0 grade da emissora durante a pr\u00f3xima reformula\u00e7\u00e3o da programa\u00e7\u00e3o.<\/p>\n\n\n\n<p class=\"wp-block-paragraph\">Nos bastidores, havia especula\u00e7\u00f5es de que o canal estudava ressuscitar a revista eletr\u00f4nica, exibida antes de Patr\u00edcia assumir o comando do <strong>&#8220;Programa Silvio Santos&#8221;<\/strong>. No entanto, o projeto n\u00e3o avan\u00e7ou.<\/p>\n\n\n<div class=\"wp-block-image\">\n<figure class=\"aligncenter size-large\"><img loading=\"lazy\" decoding=\"async\" width=\"1170\" height=\"694\" src=\"https:\/\/portalpopmais.com.br\/wp-content\/uploads\/2021\/05\/patricia-abravanel-1-1170x694.jpeg\" alt=\"patr\u00edcia abravanel\" class=\"wp-image-83135\" title=\"\" srcset=\"https:\/\/portalpopmais.com.br\/wp-content\/uploads\/2021\/05\/patricia-abravanel-1-1170x694.jpeg 1170w, https:\/\/portalpopmais.com.br\/wp-content\/uploads\/2021\/05\/patricia-abravanel-1-768x456.jpeg 768w\" sizes=\"auto, (max-width: 1170px) 100vw, 1170px\" \/><figcaption class=\"wp-element-caption\">Imagem: Reprodu\u00e7\u00e3o\/ SBT<br><\/figcaption><\/figure>\n<\/div>\n\n\n<p class=\"wp-block-paragraph\">De acordo com informa\u00e7\u00f5es do colunista Fl\u00e1vio Ricco, do Portal LeoDias, as chances de retorno do programa s\u00e3o consideradas nulas. A avalia\u00e7\u00e3o da emissora \u00e9 de que a atual programa\u00e7\u00e3o matinal, formada por telejornais, tem atendido \u00e0s expectativas de audi\u00eancia e estrat\u00e9gia do canal.<\/p>\n\n\n\n<p class=\"wp-block-paragraph\">O <strong>&#8220;Vem Pra C\u00e1&#8221;<\/strong> estreou em mar\u00e7o de 2021 e permaneceu no ar por menos de um ano. Durante sua exibi\u00e7\u00e3o, a atra\u00e7\u00e3o enfrentou mudan\u00e7as de hor\u00e1rio e n\u00e3o conseguiu alcan\u00e7ar os \u00edndices de audi\u00eancia esperados, sendo encerrada em janeiro de 2022.<\/p>\n\n\n\n<p class=\"wp-block-paragraph\">Com a decis\u00e3o, Patr\u00edcia Abravanel segue exclusivamente \u00e0 frente do <strong>&#8220;Programa Silvio Santos&#8221;<\/strong>, principal atra\u00e7\u00e3o de audit\u00f3rio das noites de domingo no SBT.<\/p>","protected":false},"excerpt":{"rendered":"<p>SBT mant\u00e9m foco nos jornais e descarta volta do programa matinal.<\/p>","protected":false},"author":2,"featured_media":84447,"comment_status":"closed","ping_status":"closed","sticky":false,"template":"","format":"standard","meta":{"footnotes":""},"categories":[181],"tags":[7176,403],"class_list":["post-306635","post","type-post","status-publish","format-standard","has-post-thumbnail","hentry","category-televisao","tag-patricia-abravanel","tag-sbt"],"_links":{"self":[{"href":"https:\/\/portalpopmais.com.br\/en\/wp-json\/wp\/v2\/posts\/306635","targetHints":{"allow":["GET"]}}],"collection":[{"href":"https:\/\/portalpopmais.com.br\/en\/wp-json\/wp\/v2\/posts"}],"about":[{"href":"https:\/\/portalpopmais.com.br\/en\/wp-json\/wp\/v2\/types\/post"}],"author":[{"embeddable":true,"href":"https:\/\/portalpopmais.com.br\/en\/wp-json\/wp\/v2\/users\/2"}],"replies":[{"embeddable":true,"href":"https:\/\/portalpopmais.com.br\/en\/wp-json\/wp\/v2\/comments?post=306635"}],"version-history":[{"count":1,"href":"https:\/\/portalpopmais.com.br\/en\/wp-json\/wp\/v2\/posts\/306635\/revisions"}],"predecessor-version":[{"id":306636,"href":"https:\/\/portalpopmais.com.br\/en\/wp-json\/wp\/v2\/posts\/306635\/revisions\/306636"}],"wp:featuredmedia":[{"embeddable":true,"href":"https:\/\/portalpopmais.com.br\/en\/wp-json\/wp\/v2\/media\/84447"}],"wp:attachment":[{"href":"https:\/\/portalpopmais.com.br\/en\/wp-json\/wp\/v2\/media?parent=306635"}],"wp:term":[{"taxonomy":"category","embeddable":true,"href":"https:\/\/portalpopmais.com.br\/en\/wp-json\/wp\/v2\/categories?post=306635"},{"taxonomy":"post_tag","embeddable":true,"href":"https:\/\/portalpopmais.com.br\/en\/wp-json\/wp\/v2\/tags?post=306635"}],"curies":[{"name":"wp","href":"https:\/\/api.w.org\/{rel}","templated":true}]}}