{"id":306637,"date":"2026-09-03T09:54:47","date_gmt":"2026-09-03T12:54:47","guid":{"rendered":"https:\/\/portalpopmais.com.br\/?p=306637"},"modified":"2026-09-03T09:54:51","modified_gmt":"2026-09-03T12:54:51","slug":"a-fazenda-18-estreia-com-eliminacao","status":"publish","type":"post","link":"https:\/\/portalpopmais.com.br\/en\/a-fazenda-18-estreia-com-eliminacao\/","title":{"rendered":"&#8216;A Fazenda 18&#8217; estreia com elimina\u00e7\u00e3o dupla e promete reviravolta in\u00e9dita; veja como ser\u00e1 a din\u00e2mica"},"content":{"rendered":"<p class=\"wp-block-paragraph\">A estreia de <strong>&#8220;A Fazenda 18&#8221;<\/strong>, marcada para o dia <strong>14 de setembro<\/strong>, deve contar com uma reviravolta in\u00e9dita. Segundo informa\u00e7\u00f5es divulgadas pelo Portal LeoDias, a Record prepara uma <strong>elimina\u00e7\u00e3o dupla logo no primeiro dia do reality<\/strong>, surpreendendo tanto o p\u00fablico quanto os participantes.<\/p>\n\n\n\n<p class=\"wp-block-paragraph\">De acordo com a publica\u00e7\u00e3o, <strong>28 famosos<\/strong> ser\u00e3o apresentados oficialmente na estreia. No entanto, antes mesmo do in\u00edcio da disputa, <strong>dois deles ser\u00e3o eliminados<\/strong>, reduzindo o elenco para <strong>26 pe\u00f5es<\/strong>, que seguir\u00e3o na competi\u00e7\u00e3o pelo pr\u00eamio milion\u00e1rio.<\/p>\n\n\n<div class=\"wp-block-image\">\n<figure class=\"aligncenter size-large\"><img loading=\"lazy\" decoding=\"async\" width=\"1170\" height=\"694\" src=\"https:\/\/portalpopmais.com.br\/wp-content\/uploads\/2026\/09\/image-19-1170x694.png\" alt=\"image\" class=\"wp-image-306638\" title=\"\" srcset=\"https:\/\/portalpopmais.com.br\/wp-content\/uploads\/2026\/09\/image-19-1170x694.png 1170w, https:\/\/portalpopmais.com.br\/wp-content\/uploads\/2026\/09\/image-19-768x456.png 768w, https:\/\/portalpopmais.com.br\/wp-content\/uploads\/2026\/09\/image-19-18x11.png 18w\" sizes=\"auto, (max-width: 1170px) 100vw, 1170px\" \/><figcaption class=\"wp-element-caption\">Novidade vai balan\u00e7ar famosos em estreia da nova temporada de &#8216;A Fazenda&#8217;. Foto: Reprodu\u00e7\u00e3o\/RECORD<\/figcaption><\/figure>\n<\/div>\n\n\n<p class=\"wp-block-paragraph\">A estrat\u00e9gia \u00e9 diferente da adotada na edi\u00e7\u00e3o anterior. Em <strong>&#8220;A Fazenda 17&#8221;<\/strong>, a Record iniciou o programa com 26 participantes oficiais e dois infiltrados, <strong>Carol Lekker<\/strong> e <strong>Matheus Martins<\/strong>, que conquistaram espa\u00e7o no reality ap\u00f3s boa aceita\u00e7\u00e3o do p\u00fablico e acabaram integrando o elenco principal.<\/p>\n\n\n\n<h3 class=\"wp-block-heading\">Christina Rocha pode ganhar papel de destaque em &#8216;A Fazenda 18&#8217;<\/h3>\n\n\n\n<p class=\"wp-block-paragraph\">Al\u00e9m da nova din\u00e2mica, a Record tamb\u00e9m prepara mudan\u00e7as na equipe do programa. A apresentadora <strong>Christina Rocha<\/strong>, que deixou o SBT ap\u00f3s o fim do <strong>&#8220;Casos de Fam\u00edlia&#8221;<\/strong>, est\u00e1 cotada para comandar a <strong>Cabine de Descompress\u00e3o<\/strong>, atra\u00e7\u00e3o exibida ap\u00f3s as elimina\u00e7\u00f5es com entrevistas exclusivas dos participantes.<\/p>\n\n\n\n<p class=\"wp-block-paragraph\">Caso as negocia\u00e7\u00f5es sejam conclu\u00eddas, Christina assumir\u00e1 o posto ocupado por <strong>Lucas Selfie<\/strong> desde 2021. O influenciador anunciou recentemente sua sa\u00edda da fun\u00e7\u00e3o, encerrando um ciclo de cinco temporadas \u00e0 frente do quadro.<\/p>\n\n\n\n<p class=\"wp-block-paragraph\">Com novidades no elenco, mudan\u00e7as na equipe e uma elimina\u00e7\u00e3o logo na estreia, <strong>&#8220;A Fazenda 18&#8221;<\/strong> promete iniciar a temporada com fortes emo\u00e7\u00f5es e movimentar as redes sociais desde o primeiro epis\u00f3dio.<\/p>","protected":false},"excerpt":{"rendered":"<p>Reality da Record deve come\u00e7ar com 28 participantes, mas dois deixar\u00e3o o jogo logo no primeiro epis\u00f3dio.<\/p>","protected":false},"author":2,"featured_media":263876,"comment_status":"closed","ping_status":"closed","sticky":false,"template":"","format":"standard","meta":{"footnotes":""},"categories":[8605],"tags":[21663],"class_list":["post-306637","post","type-post","status-publish","format-standard","has-post-thumbnail","hentry","category-realities","tag-a-fazenda-18"],"_links":{"self":[{"href":"https:\/\/portalpopmais.com.br\/en\/wp-json\/wp\/v2\/posts\/306637","targetHints":{"allow":["GET"]}}],"collection":[{"href":"https:\/\/portalpopmais.com.br\/en\/wp-json\/wp\/v2\/posts"}],"about":[{"href":"https:\/\/portalpopmais.com.br\/en\/wp-json\/wp\/v2\/types\/post"}],"author":[{"embeddable":true,"href":"https:\/\/portalpopmais.com.br\/en\/wp-json\/wp\/v2\/users\/2"}],"replies":[{"embeddable":true,"href":"https:\/\/portalpopmais.com.br\/en\/wp-json\/wp\/v2\/comments?post=306637"}],"version-history":[{"count":1,"href":"https:\/\/portalpopmais.com.br\/en\/wp-json\/wp\/v2\/posts\/306637\/revisions"}],"predecessor-version":[{"id":306639,"href":"https:\/\/portalpopmais.com.br\/en\/wp-json\/wp\/v2\/posts\/306637\/revisions\/306639"}],"wp:featuredmedia":[{"embeddable":true,"href":"https:\/\/portalpopmais.com.br\/en\/wp-json\/wp\/v2\/media\/263876"}],"wp:attachment":[{"href":"https:\/\/portalpopmais.com.br\/en\/wp-json\/wp\/v2\/media?parent=306637"}],"wp:term":[{"taxonomy":"category","embeddable":true,"href":"https:\/\/portalpopmais.com.br\/en\/wp-json\/wp\/v2\/categories?post=306637"},{"taxonomy":"post_tag","embeddable":true,"href":"https:\/\/portalpopmais.com.br\/en\/wp-json\/wp\/v2\/tags?post=306637"}],"curies":[{"name":"wp","href":"https:\/\/api.w.org\/{rel}","templated":true}]}}