{"id":306643,"date":"2026-09-03T10:03:36","date_gmt":"2026-09-03T13:03:36","guid":{"rendered":"https:\/\/portalpopmais.com.br\/?p=306643"},"modified":"2026-09-03T10:07:29","modified_gmt":"2026-09-03T13:07:29","slug":"nikolas-ferreira-chamou-vorcaro-de-lindao-e-pediu-negocio-saiba-o-que","status":"publish","type":"post","link":"https:\/\/portalpopmais.com.br\/en\/nikolas-ferreira-chamou-vorcaro-de-lindao-e-pediu-negocio-saiba-o-que\/","title":{"rendered":"Nikolas Ferreira chamou Vorcaro de &#8216;lind\u00e3o&#8217; e pediu neg\u00f3cio"},"content":{"rendered":"<p class=\"wp-block-paragraph\">Mensagens e \u00e1udios obtidos pela <strong>Pol\u00edcia Federal (PF)<\/strong> revelam que o deputado federal <strong>Nikolas Ferreira (PL-MG)<\/strong> procurou o banqueiro <strong>Daniel Vorcaro<\/strong>, controlador do Banco Master, para solicitar um favor em benef\u00edcio de seu ex-assessor e advogado, <strong>Thiago Rodrigues de Faria<\/strong>.<\/p>\n\n\n\n<p class=\"wp-block-paragraph\">Segundo o material da investiga\u00e7\u00e3o, o contato ocorreu em <strong>mar\u00e7o de 2025<\/strong>. Em um dos \u00e1udios, Nikolas utiliza um tom descontra\u00eddo ao se dirigir ao empres\u00e1rio, chamando-o de &#8220;Dani&#8221; e &#8220;lind\u00e3o&#8221;. Na mesma mensagem, o parlamentar tamb\u00e9m pede desculpas por cr\u00edticas feitas anteriormente a um evento patrocinado pelo banco.<\/p>\n\n\n\n<p class=\"wp-block-paragraph\">O principal objetivo do contato era solicitar que Vorcaro ajudasse Thiago Faria a destravar um neg\u00f3cio envolvendo um ativo do setor de minera\u00e7\u00e3o. Em resposta, o banqueiro afirmou que receberia o contato do advogado e escreveu que os dois estavam &#8220;juntos na guerra&#8221;.<\/p>\n\n\n\n<figure class=\"wp-block-embed is-type-rich is-provider-x wp-block-embed-x\"><div class=\"wp-block-embed__wrapper\">\n<blockquote class=\"twitter-tweet\" data-width=\"550\" data-dnt=\"true\"><p lang=\"pt\" dir=\"ltr\">\ud83d\udea8 URGENTE: Nikolas Ferreira teria tentado conquistar Daniel Vorcaro e chama o empres\u00e1rio de &quot;LIND\u00c3O&quot;, al\u00e9m de apelid\u00e1-lo carinhosamente de &quot;Dani&quot;<br><br>Na conversa, o deputado federal ainda revelou que gostaria de &quot;ter mais proximidade&quot; com Vorcaro.<a href=\"https:\/\/t.co\/n7njwXykMH\">pic.twitter.com\/n7njwXykMH<\/a><\/p>&mdash; Bunklr (@forumbunklr) <a href=\"https:\/\/x.com\/forumbunklr\/status\/2095483379701387758?ref_src=twsrc%5Etfw\">September 3, 2026<\/a><\/blockquote><script async src=\"https:\/\/platform.x.com\/widgets.js\" charset=\"utf-8\"><\/script>\n<\/div><\/figure>\n\n\n\n<h3 class=\"wp-block-heading\">Ex-assessor foi citado em investiga\u00e7\u00e3o sobre minera\u00e7\u00e3o ilegal<\/h3>\n\n\n\n<p class=\"wp-block-paragraph\">As mensagens ganharam relev\u00e2ncia porque, meses depois da conversa, <strong>Thiago Rodrigues de Faria<\/strong> passou a ser citado na <strong>Opera\u00e7\u00e3o Rejeito<\/strong>, deflagrada pela Pol\u00edcia Federal para investigar um suposto esquema de extra\u00e7\u00e3o ilegal de min\u00e9rio em Minas Gerais.<\/p>\n\n\n\n<p class=\"wp-block-paragraph\">De acordo com a investiga\u00e7\u00e3o, o advogado teria atuado como um intermedi\u00e1rio oculto para empresas suspeitas de envolvimento no esquema. A PF tamb\u00e9m aponta que ele possu\u00eda um contrato que previa o pagamento de uma comiss\u00e3o milion\u00e1ria, em d\u00f3lares, caso conseguisse a libera\u00e7\u00e3o de \u00e1reas destinadas \u00e0 explora\u00e7\u00e3o mineral.<\/p>\n\n\n\n<h3 class=\"wp-block-heading\">Investiga\u00e7\u00e3o segue em andamento<\/h3>\n\n\n\n<p class=\"wp-block-paragraph\">At\u00e9 o momento, a divulga\u00e7\u00e3o das mensagens integra o conjunto de provas analisadas pela Pol\u00edcia Federal. A investiga\u00e7\u00e3o busca esclarecer a atua\u00e7\u00e3o dos envolvidos e verificar se houve irregularidades nas negocia\u00e7\u00f5es relacionadas aos ativos de minera\u00e7\u00e3o.<\/p>\n\n\n\n<p class=\"wp-block-paragraph\">Os citados poder\u00e3o apresentar suas vers\u00f5es dos fatos no decorrer das investiga\u00e7\u00f5es, que seguem sob responsabilidade da PF.<\/p>","protected":false},"excerpt":{"rendered":"<p>\u00c1udios obtidos pela Pol\u00edcia Federal mostram deputado solicitando ajuda ao empres\u00e1rio para destravar neg\u00f3cio ligado \u00e0 minera\u00e7\u00e3o.<\/p>","protected":false},"author":2,"featured_media":164974,"comment_status":"closed","ping_status":"closed","sticky":false,"template":"","format":"standard","meta":{"footnotes":""},"categories":[2165],"tags":[12517],"class_list":["post-306643","post","type-post","status-publish","format-standard","has-post-thumbnail","hentry","category-noticias","tag-nikolas-ferreira"],"_links":{"self":[{"href":"https:\/\/portalpopmais.com.br\/en\/wp-json\/wp\/v2\/posts\/306643","targetHints":{"allow":["GET"]}}],"collection":[{"href":"https:\/\/portalpopmais.com.br\/en\/wp-json\/wp\/v2\/posts"}],"about":[{"href":"https:\/\/portalpopmais.com.br\/en\/wp-json\/wp\/v2\/types\/post"}],"author":[{"embeddable":true,"href":"https:\/\/portalpopmais.com.br\/en\/wp-json\/wp\/v2\/users\/2"}],"replies":[{"embeddable":true,"href":"https:\/\/portalpopmais.com.br\/en\/wp-json\/wp\/v2\/comments?post=306643"}],"version-history":[{"count":2,"href":"https:\/\/portalpopmais.com.br\/en\/wp-json\/wp\/v2\/posts\/306643\/revisions"}],"predecessor-version":[{"id":306645,"href":"https:\/\/portalpopmais.com.br\/en\/wp-json\/wp\/v2\/posts\/306643\/revisions\/306645"}],"wp:featuredmedia":[{"embeddable":true,"href":"https:\/\/portalpopmais.com.br\/en\/wp-json\/wp\/v2\/media\/164974"}],"wp:attachment":[{"href":"https:\/\/portalpopmais.com.br\/en\/wp-json\/wp\/v2\/media?parent=306643"}],"wp:term":[{"taxonomy":"category","embeddable":true,"href":"https:\/\/portalpopmais.com.br\/en\/wp-json\/wp\/v2\/categories?post=306643"},{"taxonomy":"post_tag","embeddable":true,"href":"https:\/\/portalpopmais.com.br\/en\/wp-json\/wp\/v2\/tags?post=306643"}],"curies":[{"name":"wp","href":"https:\/\/api.w.org\/{rel}","templated":true}]}}